{"id":236,"date":"2017-09-04T09:00:28","date_gmt":"2017-09-04T07:00:28","guid":{"rendered":"http:\/\/testecolestthomas2.ddns.net\/wordpress\/?p=236"},"modified":"2018-10-29T11:49:41","modified_gmt":"2018-10-29T10:49:41","slug":"rentree-2017","status":"publish","type":"post","link":"https:\/\/em-st-thomas.fr\/?p=236","title":{"rendered":"Rentr\u00e9e 2017"},"content":{"rendered":"<p>La rentr\u00e9e de l&rsquo;\u00c9cole de Musique St-Thomas aura lieu le lundi 18 septembre 2017 d\u00e8s 15h45.<\/p>\n","protected":false},"excerpt":{"rendered":"<p>La rentr\u00e9e de l&rsquo;\u00c9cole de Musique St-Thomas aura lieu le lundi 18 septembre 2017 d\u00e8s 15h45.<\/p>\n","protected":false},"author":1,"featured_media":0,"comment_status":"open","ping_status":"open","sticky":false,"template":"","format":"standard","meta":{"footnotes":""},"categories":[1],"tags":[],"_links":{"self":[{"href":"https:\/\/em-st-thomas.fr\/index.php?rest_route=\/wp\/v2\/posts\/236"}],"collection":[{"href":"https:\/\/em-st-thomas.fr\/index.php?rest_route=\/wp\/v2\/posts"}],"about":[{"href":"https:\/\/em-st-thomas.fr\/index.php?rest_route=\/wp\/v2\/types\/post"}],"author":[{"embeddable":true,"href":"https:\/\/em-st-thomas.fr\/index.php?rest_route=\/wp\/v2\/users\/1"}],"replies":[{"embeddable":true,"href":"https:\/\/em-st-thomas.fr\/index.php?rest_route=%2Fwp%2Fv2%2Fcomments&post=236"}],"version-history":[{"count":3,"href":"https:\/\/em-st-thomas.fr\/index.php?rest_route=\/wp\/v2\/posts\/236\/revisions"}],"predecessor-version":[{"id":1510,"href":"https:\/\/em-st-thomas.fr\/index.php?rest_route=\/wp\/v2\/posts\/236\/revisions\/1510"}],"wp:attachment":[{"href":"https:\/\/em-st-thomas.fr\/index.php?rest_route=%2Fwp%2Fv2%2Fmedia&parent=236"}],"wp:term":[{"taxonomy":"category","embeddable":true,"href":"https:\/\/em-st-thomas.fr\/index.php?rest_route=%2Fwp%2Fv2%2Fcategories&post=236"},{"taxonomy":"post_tag","embeddable":true,"href":"https:\/\/em-st-thomas.fr\/index.php?rest_route=%2Fwp%2Fv2%2Ftags&post=236"}],"curies":[{"name":"wp","href":"https:\/\/api.w.org\/{rel}","templated":true}]}}