{"id":238,"date":"2017-11-08T09:00:11","date_gmt":"2017-11-08T08:00:11","guid":{"rendered":"http:\/\/testecolestthomas2.ddns.net\/wordpress\/?p=238"},"modified":"2018-05-15T14:15:19","modified_gmt":"2018-05-15T12:15:19","slug":"rencontre-avec-le-pianiste-guillaume-sigier","status":"publish","type":"post","link":"https:\/\/em-st-thomas.fr\/?p=238","title":{"rendered":"Mercredi 15\/11\/17 &#8211; 14h, salle 307 : Rencontre avec le pianiste Guillaume Sigier"},"content":{"rendered":"<p>Dans le cadre des concerts organis\u00e9s par l&rsquo;association strasbourgeoise \u00ab\u00a0les Amis des Jeunes Artistes Musiciens\u00a0\u00bb (AJAM), le pianiste Guillaume Sigier sera pr\u00e9sent \u00e0 l&rsquo;Ecole de Musique St-Thomas pour une rencontre avec les \u00e9l\u00e8ves, enfants et adultes.<\/p>\n<p>Il \u00e9voquera \u00e0 cette occasion sa formation, son rapport \u00e0 l&rsquo;instrument et son r\u00e9pertoire de pr\u00e9dilection.<\/p>\n<p>Pour en savoir plus :<br \/>\n<a href=\"http:\/\/www.guillaumesigier.fr\">http:\/\/www.guillaumesigier.fr<\/a><br \/>\n<a href=\"http:\/\/www.ajam.fr\">http:\/\/www.ajam.fr<\/a><\/p>\n<p><img loading=\"lazy\" decoding=\"async\" class=\"alignnone size-full wp-image-651\" src=\"http:\/\/em-st-thomas.fr\/wp-content\/uploads\/2018\/05\/Annonce-DNA-AJAMSt-Thomas.jpg\" alt=\"\" width=\"591\" height=\"1652\" \/><\/p>\n","protected":false},"excerpt":{"rendered":"<p>Dans le cadre des concerts organis\u00e9s par l&rsquo;association strasbourgeoise \u00ab\u00a0les Amis des Jeunes Artistes Musiciens\u00a0\u00bb (AJAM), le pianiste Guillaume Sigier sera pr\u00e9sent \u00e0 l&rsquo;Ecole de Musique St-Thomas pour une rencontre avec les \u00e9l\u00e8ves, enfants et adultes. Il \u00e9voquera \u00e0 cette occasion sa formation, son rapport \u00e0 l&rsquo;instrument et son r\u00e9pertoire de pr\u00e9dilection. Pour en savoir&hellip; <br \/> <a class=\"read-more\" href=\"https:\/\/em-st-thomas.fr\/?p=238\">Lire la suite<\/a><\/p>\n","protected":false},"author":1,"featured_media":0,"comment_status":"open","ping_status":"open","sticky":false,"template":"","format":"standard","meta":{"footnotes":""},"categories":[1],"tags":[],"_links":{"self":[{"href":"https:\/\/em-st-thomas.fr\/index.php?rest_route=\/wp\/v2\/posts\/238"}],"collection":[{"href":"https:\/\/em-st-thomas.fr\/index.php?rest_route=\/wp\/v2\/posts"}],"about":[{"href":"https:\/\/em-st-thomas.fr\/index.php?rest_route=\/wp\/v2\/types\/post"}],"author":[{"embeddable":true,"href":"https:\/\/em-st-thomas.fr\/index.php?rest_route=\/wp\/v2\/users\/1"}],"replies":[{"embeddable":true,"href":"https:\/\/em-st-thomas.fr\/index.php?rest_route=%2Fwp%2Fv2%2Fcomments&post=238"}],"version-history":[{"count":11,"href":"https:\/\/em-st-thomas.fr\/index.php?rest_route=\/wp\/v2\/posts\/238\/revisions"}],"predecessor-version":[{"id":652,"href":"https:\/\/em-st-thomas.fr\/index.php?rest_route=\/wp\/v2\/posts\/238\/revisions\/652"}],"wp:attachment":[{"href":"https:\/\/em-st-thomas.fr\/index.php?rest_route=%2Fwp%2Fv2%2Fmedia&parent=238"}],"wp:term":[{"taxonomy":"category","embeddable":true,"href":"https:\/\/em-st-thomas.fr\/index.php?rest_route=%2Fwp%2Fv2%2Fcategories&post=238"},{"taxonomy":"post_tag","embeddable":true,"href":"https:\/\/em-st-thomas.fr\/index.php?rest_route=%2Fwp%2Fv2%2Ftags&post=238"}],"curies":[{"name":"wp","href":"https:\/\/api.w.org\/{rel}","templated":true}]}}