{"id":246,"date":"2017-12-01T09:00:44","date_gmt":"2017-12-01T08:00:44","guid":{"rendered":"http:\/\/testecolestthomas2.ddns.net\/wordpress\/?p=246"},"modified":"2022-02-09T14:50:27","modified_gmt":"2022-02-09T13:50:27","slug":"vendredi-15-12-17-assemblee-generale","status":"publish","type":"post","link":"https:\/\/em-st-thomas.fr\/?p=246","title":{"rendered":"Vendredi 15\/12\/17 &#8211; 19h, salle 307 : Assembl\u00e9e G\u00e9n\u00e9rale Ordinaire de l&rsquo;Ecole de musique St-Thomas"},"content":{"rendered":"<p>L&rsquo;Assembl\u00e9e G\u00e9n\u00e9rale de notre \u00e9tablissement se tiendra salle 307 \u00e0 19h, elle sera pr\u00e9c\u00e9d\u00e9e d&rsquo;un concert \u00e0 18h15.<\/p>\n","protected":false},"excerpt":{"rendered":"<p>L&rsquo;Assembl\u00e9e G\u00e9n\u00e9rale de notre \u00e9tablissement se tiendra salle 307 \u00e0 19h, elle sera pr\u00e9c\u00e9d\u00e9e d&rsquo;un concert \u00e0 18h15.<\/p>\n","protected":false},"author":1,"featured_media":0,"comment_status":"open","ping_status":"open","sticky":false,"template":"","format":"standard","meta":{"footnotes":""},"categories":[1],"tags":[],"_links":{"self":[{"href":"https:\/\/em-st-thomas.fr\/index.php?rest_route=\/wp\/v2\/posts\/246"}],"collection":[{"href":"https:\/\/em-st-thomas.fr\/index.php?rest_route=\/wp\/v2\/posts"}],"about":[{"href":"https:\/\/em-st-thomas.fr\/index.php?rest_route=\/wp\/v2\/types\/post"}],"author":[{"embeddable":true,"href":"https:\/\/em-st-thomas.fr\/index.php?rest_route=\/wp\/v2\/users\/1"}],"replies":[{"embeddable":true,"href":"https:\/\/em-st-thomas.fr\/index.php?rest_route=%2Fwp%2Fv2%2Fcomments&post=246"}],"version-history":[{"count":9,"href":"https:\/\/em-st-thomas.fr\/index.php?rest_route=\/wp\/v2\/posts\/246\/revisions"}],"predecessor-version":[{"id":4834,"href":"https:\/\/em-st-thomas.fr\/index.php?rest_route=\/wp\/v2\/posts\/246\/revisions\/4834"}],"wp:attachment":[{"href":"https:\/\/em-st-thomas.fr\/index.php?rest_route=%2Fwp%2Fv2%2Fmedia&parent=246"}],"wp:term":[{"taxonomy":"category","embeddable":true,"href":"https:\/\/em-st-thomas.fr\/index.php?rest_route=%2Fwp%2Fv2%2Fcategories&post=246"},{"taxonomy":"post_tag","embeddable":true,"href":"https:\/\/em-st-thomas.fr\/index.php?rest_route=%2Fwp%2Fv2%2Ftags&post=246"}],"curies":[{"name":"wp","href":"https:\/\/api.w.org\/{rel}","templated":true}]}}