{"id":270,"date":"2018-01-20T09:00:09","date_gmt":"2018-01-20T08:00:09","guid":{"rendered":"http:\/\/testecolestthomas2.ddns.net\/wordpress\/?p=270"},"modified":"2019-10-18T10:50:06","modified_gmt":"2019-10-18T08:50:06","slug":"samedi-3-02-18-14h-concert-au-musee-dart-moderne-et-contemporain-de-strasbourg","status":"publish","type":"post","link":"https:\/\/em-st-thomas.fr\/?p=270","title":{"rendered":"Samedi 03\/02\/18 &#8211; 14h : Concert au Mus\u00e9e d&rsquo;Art Moderne et Contemporain de Strasbourg"},"content":{"rendered":"<p><strong>Les \u00e9l\u00e8ves de l&rsquo;Ecole de Musique St-Thomas sont invit\u00e9s \u00e0 se produire en concert dans la hall du Mus\u00e9e d&rsquo;Art Moderne et Contemporain dans le cadre de l&rsquo;exposition \u00ab\u00a0Laboratoire d&rsquo;Europe, Strasbourg 1880-1930\u00a0\u00bb.<\/strong><\/p>\n<p>Depuis le 23 septembre et jusqu\u2019au 25 f\u00e9vrier 2018, plusieurs mus\u00e9es strasbourgeois se sont r\u00e9partis une exposition singuli\u00e8re, qui propose de revenir sur la p\u00e9riode\u00a0culturelle strasbourgeoise entre 1880 et 1930.<\/p>\n<p>L\u2019exposition, qui s\u2019attarde concr\u00e8tement \u00e0 montrer l\u2019\u00e9mergence artistique, historique ou encore scientifique propre \u00e0 Strasbourg \u00e0 cette \u00e9poque, sera donc visible en plusieurs parties, dans plusieurs lieux diff\u00e9rents.<\/p>\n<p>Le Mus\u00e9e d\u2019Art Moderne et Contemporain propose par exemple de revenir sur ces quelques d\u00e9cennies de foisonnement culturel \u00e0 travers plusieurs \u00e9v\u00e8nements marquants, comme la cr\u00e9ation d\u2019institutions culturelles. Ailleurs dans le mus\u00e9e, on s\u2019int\u00e9resse \u00e0 l\u2019ouverture artistique \u00e0 cette p\u00e9riode, aux acquisitions des mus\u00e9es, aux personnalit\u00e9s des intellectuels de l\u2019\u00e9poque\u2026<\/p>\n<p>Le mus\u00e9e zoologique, le mus\u00e9e des Beaux-Arts, la galerie Heitz, le mus\u00e9e de l\u2019\u0152uvre Notre-Dame, le mus\u00e9e arch\u00e9ologique\u2026 se sont eux aussi inscrits dans cette exposition en plusieurs parties. Une \u00ab\u00a0manifestation pluridisciplinaire\u00a0\u00bb plut\u00f4t unique en son genre, qui revient ni plus ni moins sur le patrimoine de Strasbourg. Incontournable, \u00e0 l\u2019heure o\u00f9 la Neustadt est d\u00e9sormais inscrite au patrimoine mondial de l\u2019Unesco.<\/p>\n<p><img loading=\"lazy\" decoding=\"async\" class=\"alignnone size-full wp-image-666\" src=\"http:\/\/em-st-thomas.fr\/wp-content\/uploads\/2018\/05\/Laboratoire-dEurope.jpg\" alt=\"\" width=\"950\" height=\"380\" \/><\/p>\n","protected":false},"excerpt":{"rendered":"<p>Les \u00e9l\u00e8ves de l&rsquo;Ecole de Musique St-Thomas sont invit\u00e9s \u00e0 se produire en concert dans la hall du Mus\u00e9e d&rsquo;Art Moderne et Contemporain dans le cadre de l&rsquo;exposition \u00ab\u00a0Laboratoire d&rsquo;Europe, Strasbourg 1880-1930\u00a0\u00bb. Depuis le 23 septembre et jusqu\u2019au 25 f\u00e9vrier 2018, plusieurs mus\u00e9es strasbourgeois se sont r\u00e9partis une exposition singuli\u00e8re, qui propose de revenir sur&hellip; <br \/> <a class=\"read-more\" href=\"https:\/\/em-st-thomas.fr\/?p=270\">Lire la suite<\/a><\/p>\n","protected":false},"author":1,"featured_media":0,"comment_status":"open","ping_status":"open","sticky":false,"template":"","format":"standard","meta":{"footnotes":""},"categories":[1],"tags":[],"_links":{"self":[{"href":"https:\/\/em-st-thomas.fr\/index.php?rest_route=\/wp\/v2\/posts\/270"}],"collection":[{"href":"https:\/\/em-st-thomas.fr\/index.php?rest_route=\/wp\/v2\/posts"}],"about":[{"href":"https:\/\/em-st-thomas.fr\/index.php?rest_route=\/wp\/v2\/types\/post"}],"author":[{"embeddable":true,"href":"https:\/\/em-st-thomas.fr\/index.php?rest_route=\/wp\/v2\/users\/1"}],"replies":[{"embeddable":true,"href":"https:\/\/em-st-thomas.fr\/index.php?rest_route=%2Fwp%2Fv2%2Fcomments&post=270"}],"version-history":[{"count":12,"href":"https:\/\/em-st-thomas.fr\/index.php?rest_route=\/wp\/v2\/posts\/270\/revisions"}],"predecessor-version":[{"id":2780,"href":"https:\/\/em-st-thomas.fr\/index.php?rest_route=\/wp\/v2\/posts\/270\/revisions\/2780"}],"wp:attachment":[{"href":"https:\/\/em-st-thomas.fr\/index.php?rest_route=%2Fwp%2Fv2%2Fmedia&parent=270"}],"wp:term":[{"taxonomy":"category","embeddable":true,"href":"https:\/\/em-st-thomas.fr\/index.php?rest_route=%2Fwp%2Fv2%2Fcategories&post=270"},{"taxonomy":"post_tag","embeddable":true,"href":"https:\/\/em-st-thomas.fr\/index.php?rest_route=%2Fwp%2Fv2%2Ftags&post=270"}],"curies":[{"name":"wp","href":"https:\/\/api.w.org\/{rel}","templated":true}]}}