{"id":5042,"date":"2022-05-25T09:02:41","date_gmt":"2022-05-25T07:02:41","guid":{"rendered":"http:\/\/em-st-thomas.fr\/?p=5042"},"modified":"2022-05-31T13:36:47","modified_gmt":"2022-05-31T11:36:47","slug":"mercredi-1er-juin-portes-ouvertes-a-lecole-de-musique","status":"publish","type":"post","link":"https:\/\/em-st-thomas.fr\/?p=5042","title":{"rendered":"Mercredi 1er juin : Portes ouvertes \u00e0 l&rsquo;\u00e9cole de musique !"},"content":{"rendered":"<p>Venez rencontrer les professeurs de l&rsquo;\u00e9cole de musique, leur poser vos questions, d\u00e9couvrir les diff\u00e9rentes disciplines instrumentales, les ateliers&#8230; <strong>et vous inscrire<\/strong> !<\/p>\n<p>Merci de vous pr\u00e9senter au secr\u00e9tariat.<\/p>\n<div><span style=\"font-family: Open Sans, sans-serif;\">Programme de la journ\u00e9e :\u00a0<\/span><\/div>\n<div><span style=\"font-family: Open Sans, sans-serif;\">\u00a0<\/span><\/div>\n<div><span style=\"font-family: Open Sans, sans-serif;\">Piano de 10h-16h<\/span><\/div>\n<div>\u00a0&#8211; V\u00e9ronique Bocquet<\/div>\n<div><span style=\"font-family: Open Sans, sans-serif;\">\u00a0&#8211; Muriel Sinnig<\/span><\/div>\n<div><span style=\"font-family: Open Sans, sans-serif;\">\u00a0&#8211; Nina Maghsoodloo (jusqu&rsquo;\u00e0 18h)<\/span><\/div>\n<div><span style=\"font-family: Open Sans, sans-serif;\">\u00a0&#8211; R\u00e9mi Tournier (jusqu&rsquo;\u00e0 17h)<\/span><\/div>\n<div><span style=\"font-family: Open Sans, sans-serif;\">\u00a0<\/span><\/div>\n<div><span style=\"font-family: Open Sans, sans-serif;\">Guitare\u00a0<\/span><\/div>\n<div><span style=\"font-family: Open Sans, sans-serif;\">\u00a0&#8211; 10h-12h30 : Valentin Weber<\/span><\/div>\n<div><span style=\"font-family: Open Sans, sans-serif;\">\u00a0&#8211; 14h-18h : Malik Lahsen<\/span><\/div>\n<div><span style=\"font-family: Open Sans, sans-serif;\">\u00a0<\/span><\/div>\n<div><span style=\"font-family: Open Sans, sans-serif;\">Saxophone et formation musicale de 10h-18h<\/span><\/div>\n<div><span style=\"font-family: Open Sans, sans-serif;\">\u00a0&#8211; Marine Nuss<\/span><\/div>\n<div><span style=\"font-family: Open Sans, sans-serif;\">\u00a0<\/span><\/div>\n<div><span style=\"font-family: Open Sans, sans-serif;\">Trompette 17h-19h<\/span><\/div>\n<div><span style=\"font-family: Open Sans, sans-serif;\">\u00a0&#8211; Jean-Fran\u00e7ois Issarte (ensemble de trompettes grande salle de 17h \u00e0 18h)<\/span><\/div>\n<div><span style=\"font-family: Open Sans, sans-serif;\">\u00a0<\/span><\/div>\n<div><span style=\"font-family: Open Sans, sans-serif;\">Percussions de 14h &#8211; 19h<\/span><\/div>\n<div><span style=\"font-family: Open Sans, sans-serif;\">\u00a0&#8211; Guillaume Gu\u00e9gan<\/span><\/div>\n<div><span style=\"font-family: Open Sans, sans-serif;\">\u00a0<\/span><\/div>\n<div><span style=\"font-family: Open Sans, sans-serif;\">Violon 10h-18h<\/span><\/div>\n<div><span style=\"font-family: Open Sans, sans-serif;\">\u00a0&#8211; Guillaume S\u00e9bastien<\/span><\/div>\n<div><span style=\"font-family: Open Sans, sans-serif;\">\u00a0<\/span><\/div>\n<div><span style=\"font-family: Open Sans, sans-serif;\">Clarinette 10h-18h<\/span><\/div>\n<div><span style=\"font-family: Open Sans, sans-serif;\">\u00a0&#8211; Hugo Siclier<\/span><\/div>\n<div><span style=\"font-family: Open Sans, sans-serif;\">\u00a0<\/span><\/div>\n<div><span style=\"font-family: Open Sans, sans-serif;\">Hautbois 13h-16h<\/span><\/div>\n<div><span style=\"font-family: Open Sans, sans-serif;\">\u00a0&#8211; Pierre-Andr\u00e9 Dupraz<\/span><\/div>\n<div><span style=\"font-family: Open Sans, sans-serif;\">\u00a0<\/span><\/div>\n<div><span style=\"font-family: Open Sans, sans-serif;\">Flute \u00e0 bec et formation musicale<\/span><\/div>\n<div><span style=\"font-family: Open Sans, sans-serif;\">\u00a0&#8211; Carole Wolf 10h-14h<\/span><\/div>\n<div><span style=\"font-family: Open Sans, sans-serif;\">\u00a0<\/span><\/div>\n<div><span style=\"font-family: Open Sans, sans-serif;\">Musique de chambre et formation musicale<\/span><\/div>\n<div><span style=\"font-family: Open Sans, sans-serif;\">\u00a0&#8211; Etienne Ferrer 14h-18h<\/span><\/div>\n<div><span style=\"font-family: Open Sans, sans-serif;\">\u00a0<\/span><\/div>\n<div><span style=\"font-family: Open Sans, sans-serif;\">Eveil musical<\/span><\/div>\n<div><span style=\"font-family: Open Sans, sans-serif;\">\u00a0&#8211; Sarah Roumane 15h-17h30<\/span><\/div>\n","protected":false},"excerpt":{"rendered":"<p>Venez rencontrer les professeurs de l&rsquo;\u00e9cole de musique, leur poser vos questions, d\u00e9couvrir les diff\u00e9rentes disciplines instrumentales, les ateliers&#8230; et vous inscrire ! Merci de vous pr\u00e9senter au secr\u00e9tariat. Programme de la journ\u00e9e :\u00a0 \u00a0 Piano de 10h-16h \u00a0&#8211; V\u00e9ronique Bocquet \u00a0&#8211; Muriel Sinnig \u00a0&#8211; Nina Maghsoodloo (jusqu&rsquo;\u00e0 18h) \u00a0&#8211; R\u00e9mi Tournier (jusqu&rsquo;\u00e0 17h) \u00a0&hellip; <br \/> <a class=\"read-more\" href=\"https:\/\/em-st-thomas.fr\/?p=5042\">Lire la suite<\/a><\/p>\n","protected":false},"author":1,"featured_media":0,"comment_status":"open","ping_status":"open","sticky":false,"template":"","format":"standard","meta":{"footnotes":""},"categories":[1],"tags":[],"_links":{"self":[{"href":"https:\/\/em-st-thomas.fr\/index.php?rest_route=\/wp\/v2\/posts\/5042"}],"collection":[{"href":"https:\/\/em-st-thomas.fr\/index.php?rest_route=\/wp\/v2\/posts"}],"about":[{"href":"https:\/\/em-st-thomas.fr\/index.php?rest_route=\/wp\/v2\/types\/post"}],"author":[{"embeddable":true,"href":"https:\/\/em-st-thomas.fr\/index.php?rest_route=\/wp\/v2\/users\/1"}],"replies":[{"embeddable":true,"href":"https:\/\/em-st-thomas.fr\/index.php?rest_route=%2Fwp%2Fv2%2Fcomments&post=5042"}],"version-history":[{"count":2,"href":"https:\/\/em-st-thomas.fr\/index.php?rest_route=\/wp\/v2\/posts\/5042\/revisions"}],"predecessor-version":[{"id":5069,"href":"https:\/\/em-st-thomas.fr\/index.php?rest_route=\/wp\/v2\/posts\/5042\/revisions\/5069"}],"wp:attachment":[{"href":"https:\/\/em-st-thomas.fr\/index.php?rest_route=%2Fwp%2Fv2%2Fmedia&parent=5042"}],"wp:term":[{"taxonomy":"category","embeddable":true,"href":"https:\/\/em-st-thomas.fr\/index.php?rest_route=%2Fwp%2Fv2%2Fcategories&post=5042"},{"taxonomy":"post_tag","embeddable":true,"href":"https:\/\/em-st-thomas.fr\/index.php?rest_route=%2Fwp%2Fv2%2Ftags&post=5042"}],"curies":[{"name":"wp","href":"https:\/\/api.w.org\/{rel}","templated":true}]}}