{"id":5192,"date":"2022-07-04T09:00:08","date_gmt":"2022-07-04T07:00:08","guid":{"rendered":"http:\/\/em-st-thomas.fr\/?p=5192"},"modified":"2022-07-07T11:16:32","modified_gmt":"2022-07-07T09:16:32","slug":"faq-comment-sinscrire","status":"publish","type":"post","link":"https:\/\/em-st-thomas.fr\/?p=5192","title":{"rendered":"FAQ : Comment s&rsquo;inscrire ?"},"content":{"rendered":"<p>Pour d\u00e9poser une demande d&rsquo;inscription, merci de renseigner le formulaire que vous trouverez \u00e0 l&rsquo;onglet \u00ab\u00a0<a href=\"http:\/\/em-st-thomas.fr\/?page_id=1289\">inscription<\/a>\u00ab\u00a0. Une fois ce formulaire rempli, votre demande et prise en compte (vous ne recevrez pas de mail de confirmation).<\/p>\n<p>S&rsquo;il s&rsquo;agit d&rsquo;une r\u00e9inscription merci de voir le cr\u00e9neau du cours individuel directement avec le professeur concern\u00e9. Pour le choix de l&rsquo;horaire de formation musicale (solf\u00e8ge), les professeurs ont indiqu\u00e9 \u00e0 tous les \u00e9l\u00e8ves leur niveau pour l&rsquo;ann\u00e9e prochaine. Pour l&rsquo;atelier, si vous avez un doute, le plus simple est d&rsquo;en parler avec le professeur d&rsquo;instrument.<\/p>\n<p>S&rsquo;il s&rsquo;agit d&rsquo;une nouvelle inscription, petit rappel,\u00a02 choix sont possibles :<\/p>\n<p>&#8211; s&rsquo;inscrire \u00e0 un atelier seulement, c&rsquo;est \u00e0 dire \u00e0 un cours collectif : chorale, \u00e9veil musical, ensembles, orchestres&#8230;<\/p>\n<p>&#8211; ou s&rsquo;inscrire au cursus qui combine \u00e0 la fois le cours individuel d&rsquo;instrument (ou de chant), le cours de formation musicale et un atelier.<\/p>\n<p>(Remarque : une pratique instrumentale individuelle ne peut faire l&rsquo;objet d&rsquo;un atelier).<\/p>\n<p>Dans le cadre du cursus, une fois votre demande trait\u00e9e, nous vous transmettrons les coordonn\u00e9es du professeur pour d\u00e9finir directement avec lui le cr\u00e9neau du cours individuel.<\/p>\n<p>Concernant le choix du cours de formation musicale, voici quelques rep\u00e8res selon le niveau scolaire (\u00e0 titre informatif) :<\/p>\n<p>CP &#8211; Initiation \u00e0 la FM<\/p>\n<p>CE1 &#8211; d\u00e9butant 1er cycle<\/p>\n<p>CE2 et CM1- Interm\u00e9diaire 1er cycle<\/p>\n<p>CM2 &#8211; Avanc\u00e9 1er cycle<\/p>\n<p>6\u00e8me &#8211; 1er group 2\u00e8me cycle<\/p>\n<p>5\u00e8me &#8211; 2\u00e8me groupe 2\u00e8me cycle<\/p>\n<p>Si vous avez acc\u00e8s \u00e0 l&rsquo;aide solidaire, merci de t\u00e9l\u00e9charger la demande sur notre site, de nous la retourn\u00e9e sign\u00e9e avec une attestation de la CAF.<\/p>\n<p>Dans tous les cas pour la moindre question, n&rsquo;h\u00e9sitez pas \u00e0 nous contacter \u00e0 ce mail : <a href=\"mailto:contact@em-st-thomas.fr\">contact@em-st-thomas.fr<\/a><\/p>\n","protected":false},"excerpt":{"rendered":"<p>Pour d\u00e9poser une demande d&rsquo;inscription, merci de renseigner le formulaire que vous trouverez \u00e0 l&rsquo;onglet \u00ab\u00a0inscription\u00ab\u00a0. Une fois ce formulaire rempli, votre demande et prise en compte (vous ne recevrez pas de mail de confirmation). S&rsquo;il s&rsquo;agit d&rsquo;une r\u00e9inscription merci de voir le cr\u00e9neau du cours individuel directement avec le professeur concern\u00e9. Pour le choix&hellip; <br \/> <a class=\"read-more\" href=\"https:\/\/em-st-thomas.fr\/?p=5192\">Lire la suite<\/a><\/p>\n","protected":false},"author":1,"featured_media":0,"comment_status":"open","ping_status":"open","sticky":false,"template":"","format":"standard","meta":{"footnotes":""},"categories":[1],"tags":[],"_links":{"self":[{"href":"https:\/\/em-st-thomas.fr\/index.php?rest_route=\/wp\/v2\/posts\/5192"}],"collection":[{"href":"https:\/\/em-st-thomas.fr\/index.php?rest_route=\/wp\/v2\/posts"}],"about":[{"href":"https:\/\/em-st-thomas.fr\/index.php?rest_route=\/wp\/v2\/types\/post"}],"author":[{"embeddable":true,"href":"https:\/\/em-st-thomas.fr\/index.php?rest_route=\/wp\/v2\/users\/1"}],"replies":[{"embeddable":true,"href":"https:\/\/em-st-thomas.fr\/index.php?rest_route=%2Fwp%2Fv2%2Fcomments&post=5192"}],"version-history":[{"count":3,"href":"https:\/\/em-st-thomas.fr\/index.php?rest_route=\/wp\/v2\/posts\/5192\/revisions"}],"predecessor-version":[{"id":5197,"href":"https:\/\/em-st-thomas.fr\/index.php?rest_route=\/wp\/v2\/posts\/5192\/revisions\/5197"}],"wp:attachment":[{"href":"https:\/\/em-st-thomas.fr\/index.php?rest_route=%2Fwp%2Fv2%2Fmedia&parent=5192"}],"wp:term":[{"taxonomy":"category","embeddable":true,"href":"https:\/\/em-st-thomas.fr\/index.php?rest_route=%2Fwp%2Fv2%2Fcategories&post=5192"},{"taxonomy":"post_tag","embeddable":true,"href":"https:\/\/em-st-thomas.fr\/index.php?rest_route=%2Fwp%2Fv2%2Ftags&post=5192"}],"curies":[{"name":"wp","href":"https:\/\/api.w.org\/{rel}","templated":true}]}}