{"id":5409,"date":"2023-05-02T09:00:48","date_gmt":"2023-05-02T07:00:48","guid":{"rendered":"http:\/\/em-st-thomas.fr\/?p=5409"},"modified":"2023-05-03T11:02:47","modified_gmt":"2023-05-03T09:02:47","slug":"samedi-13-05-23-salle-307-examens-de-fin-de-cycle-de-la-cea","status":"publish","type":"post","link":"https:\/\/em-st-thomas.fr\/?p=5409","title":{"rendered":"Samedi 13\/05\/23 : Examens de fin de cycle du CDMC"},"content":{"rendered":"<p>La Communaut\u00e9 Europ\u00e9enne d&rsquo;Alsace via de CDMC organise cette ann\u00e9e les examens d\u00e9partementaux de fin de cycle sur l&rsquo;ensemble du territoire alsacien. L&rsquo;Ecole de Musique St-Thomas, qui soutient pleinement cette d\u00e9marche et souhaite s&rsquo;y associer, sera centre d&rsquo;examen pour la discipline instrumentale \u00ab\u00a0piano\u00a0\u00bb.<\/p>\n<p>Pour plus d&rsquo;information : <a href=\"https:\/\/cdmc68.com\">https:\/\/cdmc68.com<\/a><\/p>\n","protected":false},"excerpt":{"rendered":"<p>La Communaut\u00e9 Europ\u00e9enne d&rsquo;Alsace via de CDMC organise cette ann\u00e9e les examens d\u00e9partementaux de fin de cycle sur l&rsquo;ensemble du territoire alsacien. L&rsquo;Ecole de Musique St-Thomas, qui soutient pleinement cette d\u00e9marche et souhaite s&rsquo;y associer, sera centre d&rsquo;examen pour la discipline instrumentale \u00ab\u00a0piano\u00a0\u00bb. Pour plus d&rsquo;information : https:\/\/cdmc68.com<\/p>\n","protected":false},"author":1,"featured_media":0,"comment_status":"open","ping_status":"open","sticky":false,"template":"","format":"standard","meta":{"footnotes":""},"categories":[1],"tags":[],"_links":{"self":[{"href":"https:\/\/em-st-thomas.fr\/index.php?rest_route=\/wp\/v2\/posts\/5409"}],"collection":[{"href":"https:\/\/em-st-thomas.fr\/index.php?rest_route=\/wp\/v2\/posts"}],"about":[{"href":"https:\/\/em-st-thomas.fr\/index.php?rest_route=\/wp\/v2\/types\/post"}],"author":[{"embeddable":true,"href":"https:\/\/em-st-thomas.fr\/index.php?rest_route=\/wp\/v2\/users\/1"}],"replies":[{"embeddable":true,"href":"https:\/\/em-st-thomas.fr\/index.php?rest_route=%2Fwp%2Fv2%2Fcomments&post=5409"}],"version-history":[{"count":5,"href":"https:\/\/em-st-thomas.fr\/index.php?rest_route=\/wp\/v2\/posts\/5409\/revisions"}],"predecessor-version":[{"id":5416,"href":"https:\/\/em-st-thomas.fr\/index.php?rest_route=\/wp\/v2\/posts\/5409\/revisions\/5416"}],"wp:attachment":[{"href":"https:\/\/em-st-thomas.fr\/index.php?rest_route=%2Fwp%2Fv2%2Fmedia&parent=5409"}],"wp:term":[{"taxonomy":"category","embeddable":true,"href":"https:\/\/em-st-thomas.fr\/index.php?rest_route=%2Fwp%2Fv2%2Fcategories&post=5409"},{"taxonomy":"post_tag","embeddable":true,"href":"https:\/\/em-st-thomas.fr\/index.php?rest_route=%2Fwp%2Fv2%2Ftags&post=5409"}],"curies":[{"name":"wp","href":"https:\/\/api.w.org\/{rel}","templated":true}]}}