{"id":5461,"date":"2023-05-15T08:00:01","date_gmt":"2023-05-15T06:00:01","guid":{"rendered":"http:\/\/em-st-thomas.fr\/?p=5461"},"modified":"2023-05-13T14:57:48","modified_gmt":"2023-05-13T12:57:48","slug":"lundi-15-05-23-reinscriptions-pour-lannee-23-24","status":"publish","type":"post","link":"https:\/\/em-st-thomas.fr\/?p=5461","title":{"rendered":"Lundi 15\/05\/23 : R\u00e9inscriptions pour l&rsquo;ann\u00e9e 23-24"},"content":{"rendered":"<p>Les \u00e9l\u00e8ves inscrits cette ann\u00e9e (22-23) peuvent d\u00e8s \u00e0 pr\u00e9sent se r\u00e9inscrire en priorit\u00e9 ! Les nouveaux \u00e9l\u00e8ves pourront s&rsquo;inscrire au 1er juin.<\/p>\n","protected":false},"excerpt":{"rendered":"<p>Les \u00e9l\u00e8ves inscrits cette ann\u00e9e (22-23) peuvent d\u00e8s \u00e0 pr\u00e9sent se r\u00e9inscrire en priorit\u00e9 ! Les nouveaux \u00e9l\u00e8ves pourront s&rsquo;inscrire au 1er juin.<\/p>\n","protected":false},"author":1,"featured_media":0,"comment_status":"open","ping_status":"open","sticky":false,"template":"","format":"standard","meta":{"footnotes":""},"categories":[1],"tags":[],"_links":{"self":[{"href":"https:\/\/em-st-thomas.fr\/index.php?rest_route=\/wp\/v2\/posts\/5461"}],"collection":[{"href":"https:\/\/em-st-thomas.fr\/index.php?rest_route=\/wp\/v2\/posts"}],"about":[{"href":"https:\/\/em-st-thomas.fr\/index.php?rest_route=\/wp\/v2\/types\/post"}],"author":[{"embeddable":true,"href":"https:\/\/em-st-thomas.fr\/index.php?rest_route=\/wp\/v2\/users\/1"}],"replies":[{"embeddable":true,"href":"https:\/\/em-st-thomas.fr\/index.php?rest_route=%2Fwp%2Fv2%2Fcomments&post=5461"}],"version-history":[{"count":2,"href":"https:\/\/em-st-thomas.fr\/index.php?rest_route=\/wp\/v2\/posts\/5461\/revisions"}],"predecessor-version":[{"id":5463,"href":"https:\/\/em-st-thomas.fr\/index.php?rest_route=\/wp\/v2\/posts\/5461\/revisions\/5463"}],"wp:attachment":[{"href":"https:\/\/em-st-thomas.fr\/index.php?rest_route=%2Fwp%2Fv2%2Fmedia&parent=5461"}],"wp:term":[{"taxonomy":"category","embeddable":true,"href":"https:\/\/em-st-thomas.fr\/index.php?rest_route=%2Fwp%2Fv2%2Fcategories&post=5461"},{"taxonomy":"post_tag","embeddable":true,"href":"https:\/\/em-st-thomas.fr\/index.php?rest_route=%2Fwp%2Fv2%2Ftags&post=5461"}],"curies":[{"name":"wp","href":"https:\/\/api.w.org\/{rel}","templated":true}]}}