{"id":5464,"date":"2023-10-23T09:01:00","date_gmt":"2023-10-23T07:01:00","guid":{"rendered":"http:\/\/em-st-thomas.fr\/?p=5464"},"modified":"2024-05-06T14:56:54","modified_gmt":"2024-05-06T12:56:54","slug":"faq-comment-sinscrire-2","status":"publish","type":"post","link":"https:\/\/em-st-thomas.fr\/?p=5464","title":{"rendered":"FAQ : Comment s&rsquo;inscrire ?"},"content":{"rendered":"<p>Pour d\u00e9poser une demande d\u2019inscription, merci de renseigner le formulaire que vous trouverez en cliquant sur \u201c<a href=\"https:\/\/em-st-thomas.fr\/?page_id=1289\">inscription<\/a>\u201c ou <a href=\"https:\/\/docs.google.com\/forms\/d\/e\/1FAIpQLSdmgp6uzosDBa1gEjEZNkVdg7QdYmGwLa1jOTvBi5MK2Y93aw\/viewform\">ici<\/a>. Une fois ce formulaire rempli, votre demande et prise en compte (vous ne recevrez pas de mail de confirmation). S\u2019il s\u2019agit d\u2019une r\u00e9inscription, merci de voir le cr\u00e9neau du cours individuel directement avec le professeur concern\u00e9.<\/p>\n<p>Pour le choix de l\u2019horaire de formation musicale (solf\u00e8ge), les professeurs ont indiqu\u00e9 \u00e0 tous les \u00e9l\u00e8ves leur niveau pour l\u2019ann\u00e9e prochaine.<\/p>\n<p>Pour l\u2019atelier, si vous avez un doute, le plus simple est d\u2019en parler avec le professeur d\u2019instrument au premier cours.<\/p>\n<p>S\u2019il s\u2019agit d\u2019une nouvelle inscription, petit rappel, 2 choix sont possibles :<\/p>\n<p>\u2013 s\u2019inscrire seulement \u00e0 un atelier, c\u2019est \u00e0 dire \u00e0 un cours collectif : par exemple chorale, \u00e9veil musical, ensembles, orchestres&#8230; Une pratique instrumentale individuelle ne peut faire l&rsquo;objet d&rsquo;un atelier.<\/p>\n<p>\u2013 ou s\u2019inscrire au cursus qui comprend \u00e0 la fois le cours individuel d\u2019instrument (ou de chant), le cours de formation musicale et un atelier collectif.\u00a0<\/p>\n<p>Remarques :<\/p>\n<ul>\n<li>le r\u00e8glement de la cotisation annuelle \u00e0 l&rsquo;association (35\u20ac) est pr\u00e9alable \u00e0 toute inscription<\/li>\n<li>le r\u00e8glement de la scolarit\u00e9 a lieu lors de l&rsquo;inscription et conditionne l&rsquo;acc\u00e8s au cours<\/li>\n<li>l&rsquo;inscription est annuelle : en cas d&rsquo;abandon des cours l&rsquo;ann\u00e9e enti\u00e8re est due, sauf en cas de force majeure soumis au Conseil d&rsquo;Administration de l&rsquo;association<\/li>\n<\/ul>\n<p>Dans le cadre du cursus, une fois votre demande trait\u00e9e, nous vous transmettrons les coordonn\u00e9es du professeur pour d\u00e9finir directement avec lui le cr\u00e9neau du cours individuel.<\/p>\n<p>Aucun cr\u00e9neau ne peut \u00eatre confirm\u00e9 sans r\u00e8glement au pr\u00e9alable.<\/p>\n<p>Concernant le choix du cours de formation musicale, voici quelques rep\u00e8res selon le niveau scolaire (\u00e0 titre informatif) :<\/p>\n<p>CP \u2013 Initiation \u00e0 la FM<\/p>\n<p>CE1 \u2013 1er cycle niveau 1<\/p>\n<p>CE2 &#8211; 1er cycle niveau 2<\/p>\n<p>CM1 \/ CM2 \u2013 1er cycle niveau 3<\/p>\n<p>6\u00e8me \u2013 2\u00e8me cycle niveau 1<\/p>\n<p>5\u00e8me \u2013 2\u00e8me cycle niveau 2<\/p>\n<p>Des cours de formation musicale pour les adultes sont aussi dispens\u00e9s.\u00a0<\/p>\n<p>La formation musicale est obligatoire dans le cadre du cursus. Une d\u00e9rogation peut \u00eatre obtenue sur pr\u00e9sentation d&rsquo;un certificat faisant \u00e9tat d&rsquo;un niveau sup\u00e9rieur au cycle 2.<\/p>\n<p>Si vous avez acc\u00e8s \u00e0 l\u2019aide solidaire, merci de t\u00e9l\u00e9charger la demande sur notre site, de nous la retourn\u00e9e sign\u00e9e avec une attestation de la CAF.<\/p>\n<p>L&rsquo;acc\u00e8s au b\u00e2timent n&rsquo;est possible qu&rsquo;hors temps scolaire sauf le mercredi. Il s&rsquo;effectue gr\u00e2ce \u00e0 un badge, transmis \u00e0 la suite de l&rsquo;inscription (caution de 30 euros).<\/p>\n<p>Si vous avez une question, n\u2019h\u00e9sitez pas \u00e0 nous contacter \u00e0 ce mail : contact@em-st-thomas.fr<\/p>\n\n\n<figure class=\"wp-block-image size-large\"><img decoding=\"async\" src=\"http:\/\/em-st-thomas.fr\/wp-content\/uploads\/2023\/05\/Cursus-edited-1.png\" alt=\"\" class=\"wp-image-5495\"\/><figcaption class=\"wp-element-caption\"><em>Infographie Cursus<\/em><\/figcaption><\/figure>\n","protected":false},"excerpt":{"rendered":"<p>Pour d\u00e9poser une demande d\u2019inscription, merci de renseigner le formulaire que vous trouverez en cliquant sur \u201cinscription\u201c ou ici. Une fois ce formulaire rempli, votre demande et prise en compte (vous ne recevrez pas de mail de confirmation). S\u2019il s\u2019agit d\u2019une r\u00e9inscription, merci de voir le cr\u00e9neau du cours individuel directement avec le professeur concern\u00e9.&hellip; <br \/> <a class=\"read-more\" href=\"https:\/\/em-st-thomas.fr\/?p=5464\">Lire la suite<\/a><\/p>\n","protected":false},"author":1,"featured_media":0,"comment_status":"open","ping_status":"open","sticky":false,"template":"","format":"standard","meta":{"footnotes":""},"categories":[1],"tags":[],"_links":{"self":[{"href":"https:\/\/em-st-thomas.fr\/index.php?rest_route=\/wp\/v2\/posts\/5464"}],"collection":[{"href":"https:\/\/em-st-thomas.fr\/index.php?rest_route=\/wp\/v2\/posts"}],"about":[{"href":"https:\/\/em-st-thomas.fr\/index.php?rest_route=\/wp\/v2\/types\/post"}],"author":[{"embeddable":true,"href":"https:\/\/em-st-thomas.fr\/index.php?rest_route=\/wp\/v2\/users\/1"}],"replies":[{"embeddable":true,"href":"https:\/\/em-st-thomas.fr\/index.php?rest_route=%2Fwp%2Fv2%2Fcomments&post=5464"}],"version-history":[{"count":15,"href":"https:\/\/em-st-thomas.fr\/index.php?rest_route=\/wp\/v2\/posts\/5464\/revisions"}],"predecessor-version":[{"id":5771,"href":"https:\/\/em-st-thomas.fr\/index.php?rest_route=\/wp\/v2\/posts\/5464\/revisions\/5771"}],"wp:attachment":[{"href":"https:\/\/em-st-thomas.fr\/index.php?rest_route=%2Fwp%2Fv2%2Fmedia&parent=5464"}],"wp:term":[{"taxonomy":"category","embeddable":true,"href":"https:\/\/em-st-thomas.fr\/index.php?rest_route=%2Fwp%2Fv2%2Fcategories&post=5464"},{"taxonomy":"post_tag","embeddable":true,"href":"https:\/\/em-st-thomas.fr\/index.php?rest_route=%2Fwp%2Fv2%2Ftags&post=5464"}],"curies":[{"name":"wp","href":"https:\/\/api.w.org\/{rel}","templated":true}]}}