{"id":5514,"date":"2023-05-29T09:01:04","date_gmt":"2023-05-29T07:01:04","guid":{"rendered":"http:\/\/em-st-thomas.fr\/?p=5514"},"modified":"2023-06-01T11:20:26","modified_gmt":"2023-06-01T09:20:26","slug":"dimanche-04-06-23-16h30-palais-des-fetes-concert-des-orchestres-partages","status":"publish","type":"post","link":"https:\/\/em-st-thomas.fr\/?p=5514","title":{"rendered":"Dimanche 04\/06\/23, 16h30 &#8211; Palais des F\u00eates : Concert des orchestres Partag\u00e9s"},"content":{"rendered":"\n<p>Dans le cadre du festival \u00ab\u00a0La F\u00eate au Palais\u00a0\u00bb, le collectif Palais des F\u00eates invite les Orchestres Partag\u00e9s \u00e0 se produire dans l&rsquo;historique et embl\u00e9matique salle de concert de la Ville de Strasbourg.<\/p>\n\n\n\n<p> <\/p>\n\n\n\n<figure class=\"wp-block-image size-full\"><img decoding=\"async\" src=\"http:\/\/em-st-thomas.fr\/wp-content\/uploads\/2023\/06\/Flyer-Orchestre-partage-1-glissees.tiff\" alt=\"\" class=\"wp-image-5519\"\/><\/figure>\n\n\n\n<figure class=\"wp-block-image size-full\"><img decoding=\"async\" src=\"http:\/\/em-st-thomas.fr\/wp-content\/uploads\/2023\/06\/Flyer-Orchestre-partage-2-glissees.tiff\" alt=\"\" class=\"wp-image-5520\"\/><\/figure>\n","protected":false},"excerpt":{"rendered":"<p>Dans le cadre du festival \u00ab\u00a0La F\u00eate au Palais\u00a0\u00bb, le collectif Palais des F\u00eates invite les Orchestres Partag\u00e9s \u00e0 se produire dans l&rsquo;historique et embl\u00e9matique salle de concert de la Ville de Strasbourg.<\/p>\n","protected":false},"author":1,"featured_media":0,"comment_status":"open","ping_status":"open","sticky":false,"template":"","format":"standard","meta":{"footnotes":""},"categories":[1],"tags":[],"_links":{"self":[{"href":"https:\/\/em-st-thomas.fr\/index.php?rest_route=\/wp\/v2\/posts\/5514"}],"collection":[{"href":"https:\/\/em-st-thomas.fr\/index.php?rest_route=\/wp\/v2\/posts"}],"about":[{"href":"https:\/\/em-st-thomas.fr\/index.php?rest_route=\/wp\/v2\/types\/post"}],"author":[{"embeddable":true,"href":"https:\/\/em-st-thomas.fr\/index.php?rest_route=\/wp\/v2\/users\/1"}],"replies":[{"embeddable":true,"href":"https:\/\/em-st-thomas.fr\/index.php?rest_route=%2Fwp%2Fv2%2Fcomments&post=5514"}],"version-history":[{"count":4,"href":"https:\/\/em-st-thomas.fr\/index.php?rest_route=\/wp\/v2\/posts\/5514\/revisions"}],"predecessor-version":[{"id":5522,"href":"https:\/\/em-st-thomas.fr\/index.php?rest_route=\/wp\/v2\/posts\/5514\/revisions\/5522"}],"wp:attachment":[{"href":"https:\/\/em-st-thomas.fr\/index.php?rest_route=%2Fwp%2Fv2%2Fmedia&parent=5514"}],"wp:term":[{"taxonomy":"category","embeddable":true,"href":"https:\/\/em-st-thomas.fr\/index.php?rest_route=%2Fwp%2Fv2%2Fcategories&post=5514"},{"taxonomy":"post_tag","embeddable":true,"href":"https:\/\/em-st-thomas.fr\/index.php?rest_route=%2Fwp%2Fv2%2Ftags&post=5514"}],"curies":[{"name":"wp","href":"https:\/\/api.w.org\/{rel}","templated":true}]}}