{"id":5737,"date":"2024-03-25T09:01:03","date_gmt":"2024-03-25T08:01:03","guid":{"rendered":"http:\/\/em-st-thomas.fr\/?p=5737"},"modified":"2024-04-06T15:41:03","modified_gmt":"2024-04-06T13:41:03","slug":"vendredi-05-04-24-18h30-orpheum-2-rue-de-schnokeloch-recital-de-harpe","status":"publish","type":"post","link":"https:\/\/em-st-thomas.fr\/?p=5737","title":{"rendered":"Vendredi 05\/04\/24, 18h30 &#8211; Orpheum, 2 rue du Schnokeloch : R\u00e9cital de harpe"},"content":{"rendered":"<p>El\u00e8ves de Marie Lachat-W\u00fcrtz<\/p>\n","protected":false},"excerpt":{"rendered":"<p>El\u00e8ves de Marie Lachat-W\u00fcrtz<\/p>\n","protected":false},"author":1,"featured_media":0,"comment_status":"open","ping_status":"open","sticky":false,"template":"","format":"standard","meta":{"footnotes":""},"categories":[1],"tags":[],"_links":{"self":[{"href":"https:\/\/em-st-thomas.fr\/index.php?rest_route=\/wp\/v2\/posts\/5737"}],"collection":[{"href":"https:\/\/em-st-thomas.fr\/index.php?rest_route=\/wp\/v2\/posts"}],"about":[{"href":"https:\/\/em-st-thomas.fr\/index.php?rest_route=\/wp\/v2\/types\/post"}],"author":[{"embeddable":true,"href":"https:\/\/em-st-thomas.fr\/index.php?rest_route=\/wp\/v2\/users\/1"}],"replies":[{"embeddable":true,"href":"https:\/\/em-st-thomas.fr\/index.php?rest_route=%2Fwp%2Fv2%2Fcomments&post=5737"}],"version-history":[{"count":2,"href":"https:\/\/em-st-thomas.fr\/index.php?rest_route=\/wp\/v2\/posts\/5737\/revisions"}],"predecessor-version":[{"id":5739,"href":"https:\/\/em-st-thomas.fr\/index.php?rest_route=\/wp\/v2\/posts\/5737\/revisions\/5739"}],"wp:attachment":[{"href":"https:\/\/em-st-thomas.fr\/index.php?rest_route=%2Fwp%2Fv2%2Fmedia&parent=5737"}],"wp:term":[{"taxonomy":"category","embeddable":true,"href":"https:\/\/em-st-thomas.fr\/index.php?rest_route=%2Fwp%2Fv2%2Fcategories&post=5737"},{"taxonomy":"post_tag","embeddable":true,"href":"https:\/\/em-st-thomas.fr\/index.php?rest_route=%2Fwp%2Fv2%2Ftags&post=5737"}],"curies":[{"name":"wp","href":"https:\/\/api.w.org\/{rel}","templated":true}]}}