{"id":5756,"date":"2024-05-11T09:00:00","date_gmt":"2024-05-11T07:00:00","guid":{"rendered":"https:\/\/em-st-thomas.fr\/?p=5756"},"modified":"2024-05-13T09:33:26","modified_gmt":"2024-05-13T07:33:26","slug":"samedi-18-05-24-18h-eglise-ste-aurelie-concert-de-lensemble-de-flutes-de-lecole-de-musique-st-thomas","status":"publish","type":"post","link":"https:\/\/em-st-thomas.fr\/?p=5756","title":{"rendered":"Samedi 18\/05\/24, 18h &#8211; Eglise Ste-Aur\u00e9lie : Concert de l&rsquo;ensemble de fl\u00fbtes de l&rsquo;Ecole de Musique St-Thomas"},"content":{"rendered":"<p>Avec la participation des \u00e9l\u00e8ves des classes de CE1 de l&rsquo;\u00e9cole Ste-Aur\u00e9lie<\/p>\n<p><img loading=\"lazy\" decoding=\"async\" class=\"wp-image-5758  alignleft\" src=\"https:\/\/em-st-thomas.fr\/wp-content\/uploads\/2024\/05\/affiche_concert-ensemble-flutes_18-05-24-724x1024.png\" alt=\"\" width=\"587\" height=\"830\" srcset=\"https:\/\/em-st-thomas.fr\/wp-content\/uploads\/2024\/05\/affiche_concert-ensemble-flutes_18-05-24-724x1024.png 724w, https:\/\/em-st-thomas.fr\/wp-content\/uploads\/2024\/05\/affiche_concert-ensemble-flutes_18-05-24-212x300.png 212w, https:\/\/em-st-thomas.fr\/wp-content\/uploads\/2024\/05\/affiche_concert-ensemble-flutes_18-05-24-768x1086.png 768w, https:\/\/em-st-thomas.fr\/wp-content\/uploads\/2024\/05\/affiche_concert-ensemble-flutes_18-05-24-1087x1536.png 1087w, https:\/\/em-st-thomas.fr\/wp-content\/uploads\/2024\/05\/affiche_concert-ensemble-flutes_18-05-24-1024x1448.png 1024w, https:\/\/em-st-thomas.fr\/wp-content\/uploads\/2024\/05\/affiche_concert-ensemble-flutes_18-05-24-764x1080.png 764w, https:\/\/em-st-thomas.fr\/wp-content\/uploads\/2024\/05\/affiche_concert-ensemble-flutes_18-05-24.png 1240w\" sizes=\"(max-width: 587px) 100vw, 587px\" \/><\/p>\n","protected":false},"excerpt":{"rendered":"<p>Avec la participation des \u00e9l\u00e8ves des classes de CE1 de l&rsquo;\u00e9cole Ste-Aur\u00e9lie<\/p>\n","protected":false},"author":1,"featured_media":0,"comment_status":"open","ping_status":"open","sticky":false,"template":"","format":"standard","meta":{"footnotes":""},"categories":[1],"tags":[],"_links":{"self":[{"href":"https:\/\/em-st-thomas.fr\/index.php?rest_route=\/wp\/v2\/posts\/5756"}],"collection":[{"href":"https:\/\/em-st-thomas.fr\/index.php?rest_route=\/wp\/v2\/posts"}],"about":[{"href":"https:\/\/em-st-thomas.fr\/index.php?rest_route=\/wp\/v2\/types\/post"}],"author":[{"embeddable":true,"href":"https:\/\/em-st-thomas.fr\/index.php?rest_route=\/wp\/v2\/users\/1"}],"replies":[{"embeddable":true,"href":"https:\/\/em-st-thomas.fr\/index.php?rest_route=%2Fwp%2Fv2%2Fcomments&post=5756"}],"version-history":[{"count":1,"href":"https:\/\/em-st-thomas.fr\/index.php?rest_route=\/wp\/v2\/posts\/5756\/revisions"}],"predecessor-version":[{"id":5779,"href":"https:\/\/em-st-thomas.fr\/index.php?rest_route=\/wp\/v2\/posts\/5756\/revisions\/5779"}],"wp:attachment":[{"href":"https:\/\/em-st-thomas.fr\/index.php?rest_route=%2Fwp%2Fv2%2Fmedia&parent=5756"}],"wp:term":[{"taxonomy":"category","embeddable":true,"href":"https:\/\/em-st-thomas.fr\/index.php?rest_route=%2Fwp%2Fv2%2Fcategories&post=5756"},{"taxonomy":"post_tag","embeddable":true,"href":"https:\/\/em-st-thomas.fr\/index.php?rest_route=%2Fwp%2Fv2%2Ftags&post=5756"}],"curies":[{"name":"wp","href":"https:\/\/api.w.org\/{rel}","templated":true}]}}