{"id":5759,"date":"2024-04-22T09:00:00","date_gmt":"2024-04-22T07:00:00","guid":{"rendered":"https:\/\/em-st-thomas.fr\/?p=5759"},"modified":"2024-05-02T14:18:46","modified_gmt":"2024-05-02T12:18:46","slug":"samedi-04-05_24-lieu-deurope-orchestre-partage-junior","status":"publish","type":"post","link":"https:\/\/em-st-thomas.fr\/?p=5759","title":{"rendered":"Samedi 04\/05\/24, 14h30 &#8211; Lieu d&rsquo;Europe : Orchestre Partag\u00e9 Junior"},"content":{"rendered":"\n<p>l&rsquo;\u00ab Ode \u00e0 la joie \u00bb, partie finale de la c\u00e9l\u00e8bre neuvi\u00e8me symphonie de Beethoven (1824), est officiellement adopt\u00e9e comme hymne du Conseil de l&rsquo;Europe puis de l&rsquo;Union Europ\u00e9enne ! <\/p>\n\n\n\n<p>Pour inaugurer la r\u00e9ouverture du Lieu d&rsquo;Europe \u00e0 Strasbourg, venez red\u00e9couvrir cet air c\u00e9l\u00e8bre interpr\u00e9t\u00e9 pour l&rsquo;occasion par l\u2019Orchestre Partag\u00e9 Junior des \u00e9coles de musique du Conservatoire de Strasbourg et les Choeurs du Coll\u00e8ge du Kochersberg.<\/p>\n","protected":false},"excerpt":{"rendered":"<p>l&rsquo;\u00ab Ode \u00e0 la joie \u00bb, partie finale de la c\u00e9l\u00e8bre neuvi\u00e8me symphonie de Beethoven (1824), est officiellement adopt\u00e9e comme hymne du Conseil de l&rsquo;Europe puis de l&rsquo;Union Europ\u00e9enne ! Pour inaugurer la r\u00e9ouverture du Lieu d&rsquo;Europe \u00e0 Strasbourg, venez red\u00e9couvrir cet air c\u00e9l\u00e8bre interpr\u00e9t\u00e9 pour l&rsquo;occasion par l\u2019Orchestre Partag\u00e9 Junior des \u00e9coles de musique&hellip; <br \/> <a class=\"read-more\" href=\"https:\/\/em-st-thomas.fr\/?p=5759\">Lire la suite<\/a><\/p>\n","protected":false},"author":1,"featured_media":0,"comment_status":"open","ping_status":"open","sticky":false,"template":"","format":"standard","meta":{"footnotes":""},"categories":[1],"tags":[],"_links":{"self":[{"href":"https:\/\/em-st-thomas.fr\/index.php?rest_route=\/wp\/v2\/posts\/5759"}],"collection":[{"href":"https:\/\/em-st-thomas.fr\/index.php?rest_route=\/wp\/v2\/posts"}],"about":[{"href":"https:\/\/em-st-thomas.fr\/index.php?rest_route=\/wp\/v2\/types\/post"}],"author":[{"embeddable":true,"href":"https:\/\/em-st-thomas.fr\/index.php?rest_route=\/wp\/v2\/users\/1"}],"replies":[{"embeddable":true,"href":"https:\/\/em-st-thomas.fr\/index.php?rest_route=%2Fwp%2Fv2%2Fcomments&post=5759"}],"version-history":[{"count":3,"href":"https:\/\/em-st-thomas.fr\/index.php?rest_route=\/wp\/v2\/posts\/5759\/revisions"}],"predecessor-version":[{"id":5763,"href":"https:\/\/em-st-thomas.fr\/index.php?rest_route=\/wp\/v2\/posts\/5759\/revisions\/5763"}],"wp:attachment":[{"href":"https:\/\/em-st-thomas.fr\/index.php?rest_route=%2Fwp%2Fv2%2Fmedia&parent=5759"}],"wp:term":[{"taxonomy":"category","embeddable":true,"href":"https:\/\/em-st-thomas.fr\/index.php?rest_route=%2Fwp%2Fv2%2Fcategories&post=5759"},{"taxonomy":"post_tag","embeddable":true,"href":"https:\/\/em-st-thomas.fr\/index.php?rest_route=%2Fwp%2Fv2%2Ftags&post=5759"}],"curies":[{"name":"wp","href":"https:\/\/api.w.org\/{rel}","templated":true}]}}