{"id":5781,"date":"2024-05-14T19:00:53","date_gmt":"2024-05-14T17:00:53","guid":{"rendered":"https:\/\/em-st-thomas.fr\/?p=5781"},"modified":"2024-05-13T09:38:21","modified_gmt":"2024-05-13T07:38:21","slug":"samedi-18-05-24-19h-musee-historique-nuit-des-musees","status":"publish","type":"post","link":"https:\/\/em-st-thomas.fr\/?p=5781","title":{"rendered":"Samedi 18\/05\/24, 19h &#8211; Mus\u00e9e Historique : Nuit des Mus\u00e9es"},"content":{"rendered":"<p>Participation de l&rsquo;ensemble de guitare \u00e0 la programmation musicale de la Nuit des Mus\u00e9e au Mus\u00e9e Historique de la Ville de Strasbourg.<\/p>\n","protected":false},"excerpt":{"rendered":"<p>Participation de l&rsquo;ensemble de guitare \u00e0 la programmation musicale de la Nuit des Mus\u00e9e au Mus\u00e9e Historique de la Ville de Strasbourg.<\/p>\n","protected":false},"author":1,"featured_media":0,"comment_status":"open","ping_status":"open","sticky":false,"template":"","format":"standard","meta":{"footnotes":""},"categories":[1],"tags":[],"_links":{"self":[{"href":"https:\/\/em-st-thomas.fr\/index.php?rest_route=\/wp\/v2\/posts\/5781"}],"collection":[{"href":"https:\/\/em-st-thomas.fr\/index.php?rest_route=\/wp\/v2\/posts"}],"about":[{"href":"https:\/\/em-st-thomas.fr\/index.php?rest_route=\/wp\/v2\/types\/post"}],"author":[{"embeddable":true,"href":"https:\/\/em-st-thomas.fr\/index.php?rest_route=\/wp\/v2\/users\/1"}],"replies":[{"embeddable":true,"href":"https:\/\/em-st-thomas.fr\/index.php?rest_route=%2Fwp%2Fv2%2Fcomments&post=5781"}],"version-history":[{"count":2,"href":"https:\/\/em-st-thomas.fr\/index.php?rest_route=\/wp\/v2\/posts\/5781\/revisions"}],"predecessor-version":[{"id":5783,"href":"https:\/\/em-st-thomas.fr\/index.php?rest_route=\/wp\/v2\/posts\/5781\/revisions\/5783"}],"wp:attachment":[{"href":"https:\/\/em-st-thomas.fr\/index.php?rest_route=%2Fwp%2Fv2%2Fmedia&parent=5781"}],"wp:term":[{"taxonomy":"category","embeddable":true,"href":"https:\/\/em-st-thomas.fr\/index.php?rest_route=%2Fwp%2Fv2%2Fcategories&post=5781"},{"taxonomy":"post_tag","embeddable":true,"href":"https:\/\/em-st-thomas.fr\/index.php?rest_route=%2Fwp%2Fv2%2Ftags&post=5781"}],"curies":[{"name":"wp","href":"https:\/\/api.w.org\/{rel}","templated":true}]}}