{"id":5817,"date":"2024-07-01T09:01:00","date_gmt":"2024-07-01T07:01:00","guid":{"rendered":"https:\/\/em-st-thomas.fr\/?p=5817"},"modified":"2025-06-02T15:54:25","modified_gmt":"2025-06-02T13:54:25","slug":"lundi-03-06-24-ouverture-des-inscriptions-pour-lannee-2024-2025","status":"publish","type":"post","link":"https:\/\/em-st-thomas.fr\/?p=5817","title":{"rendered":"FAQ : Comment s&rsquo;inscrire pour l&rsquo;ann\u00e9e 25-26 ?"},"content":{"rendered":"\n<ul>\n<li>Les r\u00e9inscriptions sont ouvertes jusqu&rsquo;au 9 juin.<\/li>\n<\/ul>\n\n\n\n<p>Cette ann\u00e9e, pour se r\u00e9inscrire, rendez-vous sur votre espace&nbsp;personnel DuoNET jusqu&rsquo;au&nbsp;<strong>9 juin 2025.&nbsp;<\/strong>Un mail avec la proc\u00e9dure de cr\u00e9ation vous a \u00e9t\u00e9 transmis. Si vous rencontrez des difficult\u00e9s contactez-nous \u00e0 l&rsquo;adresse <a href=\"mailto:contact@em-st-thomas.fr\">contact@em-st-thomas.fr<\/a><\/p>\n\n\n\n<p><strong>\u00c0 l\u2019issue de cette p\u00e9riode, tout \u00e9l\u00e8ve non r\u00e9inscrit sera consid\u00e9r\u00e9 d\u00e9missionnaire&nbsp;et sa place pourra \u00eatre attribu\u00e9e \u00e0 un nouvel \u00e9l\u00e8ve.<\/strong><\/p>\n\n\n\n<ul>\n<li>Les pr\u00e9inscriptions pour les nouveaux \u00e9l\u00e8ves ouvriront \u00e0 partir du <strong>9 juin 2025<\/strong>.<\/li>\n<\/ul>\n\n\n\n<p>Pour faire une demande d&rsquo;inscription, rendez-vous son le site <a href=\"http:\/\/www.em-st-thomas.fr\">www.em-st-thomas.fr<\/a> et cliquez sur <em>Inscriptions &gt; Demande d&rsquo;inscription<\/em>s<\/p>\n\n\n<div class=\"wp-block-image\">\n<figure class=\"aligncenter size-large\"><img decoding=\"async\" src=\"https:\/\/em-st-thomas.fr\/wp-content\/uploads\/2025\/06\/Tarifs-1-723x1024.png\" alt=\"\" class=\"wp-image-6119\"\/><\/figure><\/div>\n\n\n<p>Petit rappel, 2 parcours d&rsquo;enseignement sont possibles :<\/p>\n\n\n\n<p>\u2013 s\u2019inscrire seulement \u00e0 un atelier, c\u2019est \u00e0 dire \u00e0 un cours collectif : par exemple chorale, \u00e9veil musical, ensembles instrumentaux, orchestres&#8230; Une pratique instrumentale individuelle ne peut faire l&rsquo;objet d&rsquo;un atelier.<\/p>\n\n\n\n<p>\u2013 ou s\u2019inscrire au cursus qui comprend \u00e0 la fois le cours individuel d\u2019instrument (ou de chant), le cours de formation musicale et un atelier collectif.&nbsp;<\/p>\n\n\n\n<p>Dans le cadre du cursus, une fois votre demande trait\u00e9e, nous vous transmettrons les coordonn\u00e9es du professeur pour d\u00e9finir directement avec lui le cr\u00e9neau du cours individuel.<\/p>\n\n\n\n<p>Concernant le choix du cours de formation musicale, voici quelques rep\u00e8res selon le niveau scolaire (\u00e0 titre informatif) :<\/p>\n\n\n\n<p>CP \u2013 Initiation \u00e0 la FM<\/p>\n\n\n\n<p>CE1 \u2013 1er cycle 1\u00e8re ann\u00e9e<\/p>\n\n\n\n<p>CE2 &#8211; 1er cycle 2\u00e8me ann\u00e9e<\/p>\n\n\n\n<p>CM1 \u2013 1er cycle 3\u00e8me ann\u00e9e<\/p>\n\n\n\n<p>CM2 &#8211; 1er cycle 4\u00e8me ann\u00e9e<\/p>\n\n\n\n<p>6\u00e8me \u2013 2\u00e8me cycle 1\u00e8re ann\u00e9e<\/p>\n\n\n\n<p>5\u00e8me \u2013 2\u00e8me cycle 2\u00e8me ann\u00e9e<\/p>\n\n\n\n<p>4\u00e8me \/ 3\u00e8me &#8211; 2\u00e8me cycle 3\u00e8me ann\u00e9e<\/p>\n\n\n\n<p>Des cours de formation musicale pour les adultes sont aussi dispens\u00e9s.&nbsp;<\/p>\n\n\n\n<p>La formation musicale est obligatoire dans le cadre du cursus. Une d\u00e9rogation peut \u00eatre obtenue sur pr\u00e9sentation d&rsquo;un certificat faisant \u00e9tat d&rsquo;un niveau sup\u00e9rieur au cycle 2.<\/p>\n\n\n<div class=\"wp-block-image\">\n<figure class=\"aligncenter size-large\"><img decoding=\"async\" src=\"https:\/\/em-st-thomas.fr\/wp-content\/uploads\/2025\/06\/Horaires-FM-Eveil-Chorale-723x1024.png\" alt=\"\" class=\"wp-image-6117\"\/><\/figure><\/div>\n\n\n<p>A partir de la rentr\u00e9e de septembre, l&rsquo;acc\u00e8s au b\u00e2timent n&rsquo;est possible qu&rsquo;hors temps scolaire sauf le mercredi le samedi. Il s&rsquo;effectue gr\u00e2ce \u00e0 un badge, transmis \u00e0 la suite de l&rsquo;inscription (caution de 30 euros).<\/p>\n\n\n<div class=\"wp-block-image\">\n<figure class=\"aligncenter size-large\"><img loading=\"lazy\" decoding=\"async\" width=\"1024\" height=\"872\" src=\"https:\/\/em-st-thomas.fr\/wp-content\/uploads\/2025\/06\/infographie-cursus-1024x872.png\" alt=\"\" class=\"wp-image-6125\" srcset=\"https:\/\/em-st-thomas.fr\/wp-content\/uploads\/2025\/06\/infographie-cursus-1024x872.png 1024w, https:\/\/em-st-thomas.fr\/wp-content\/uploads\/2025\/06\/infographie-cursus-300x255.png 300w, https:\/\/em-st-thomas.fr\/wp-content\/uploads\/2025\/06\/infographie-cursus-768x654.png 768w, https:\/\/em-st-thomas.fr\/wp-content\/uploads\/2025\/06\/infographie-cursus-1536x1307.png 1536w, https:\/\/em-st-thomas.fr\/wp-content\/uploads\/2025\/06\/infographie-cursus-1269x1080.png 1269w, https:\/\/em-st-thomas.fr\/wp-content\/uploads\/2025\/06\/infographie-cursus.png 1814w\" sizes=\"(max-width: 1024px) 100vw, 1024px\" \/><\/figure><\/div>\n\n\n<p>Si vous avez une question, n\u2019h\u00e9sitez pas \u00e0 nous contacter \u00e0 l&rsquo;adresse <a href=\"mailto:contact@em-st-thomas.fr\">contact@em-st-thomas.fr<\/a><\/p>\n","protected":false},"excerpt":{"rendered":"<p>Cette ann\u00e9e, pour se r\u00e9inscrire, rendez-vous sur votre espace&nbsp;personnel DuoNET jusqu&rsquo;au&nbsp;9 juin 2025.&nbsp;Un mail avec la proc\u00e9dure de cr\u00e9ation vous a \u00e9t\u00e9 transmis. Si vous rencontrez des difficult\u00e9s contactez-nous \u00e0 l&rsquo;adresse contact@em-st-thomas.fr \u00c0 l\u2019issue de cette p\u00e9riode, tout \u00e9l\u00e8ve non r\u00e9inscrit sera consid\u00e9r\u00e9 d\u00e9missionnaire&nbsp;et sa place pourra \u00eatre attribu\u00e9e \u00e0 un nouvel \u00e9l\u00e8ve. Pour faire&hellip; <br \/> <a class=\"read-more\" href=\"https:\/\/em-st-thomas.fr\/?p=5817\">Lire la suite<\/a><\/p>\n","protected":false},"author":1,"featured_media":0,"comment_status":"open","ping_status":"open","sticky":false,"template":"","format":"standard","meta":{"footnotes":""},"categories":[1],"tags":[],"_links":{"self":[{"href":"https:\/\/em-st-thomas.fr\/index.php?rest_route=\/wp\/v2\/posts\/5817"}],"collection":[{"href":"https:\/\/em-st-thomas.fr\/index.php?rest_route=\/wp\/v2\/posts"}],"about":[{"href":"https:\/\/em-st-thomas.fr\/index.php?rest_route=\/wp\/v2\/types\/post"}],"author":[{"embeddable":true,"href":"https:\/\/em-st-thomas.fr\/index.php?rest_route=\/wp\/v2\/users\/1"}],"replies":[{"embeddable":true,"href":"https:\/\/em-st-thomas.fr\/index.php?rest_route=%2Fwp%2Fv2%2Fcomments&post=5817"}],"version-history":[{"count":21,"href":"https:\/\/em-st-thomas.fr\/index.php?rest_route=\/wp\/v2\/posts\/5817\/revisions"}],"predecessor-version":[{"id":6129,"href":"https:\/\/em-st-thomas.fr\/index.php?rest_route=\/wp\/v2\/posts\/5817\/revisions\/6129"}],"wp:attachment":[{"href":"https:\/\/em-st-thomas.fr\/index.php?rest_route=%2Fwp%2Fv2%2Fmedia&parent=5817"}],"wp:term":[{"taxonomy":"category","embeddable":true,"href":"https:\/\/em-st-thomas.fr\/index.php?rest_route=%2Fwp%2Fv2%2Fcategories&post=5817"},{"taxonomy":"post_tag","embeddable":true,"href":"https:\/\/em-st-thomas.fr\/index.php?rest_route=%2Fwp%2Fv2%2Ftags&post=5817"}],"curies":[{"name":"wp","href":"https:\/\/api.w.org\/{rel}","templated":true}]}}