{"id":5981,"date":"2024-12-18T09:00:20","date_gmt":"2024-12-18T08:00:20","guid":{"rendered":"https:\/\/em-st-thomas.fr\/?p=5981"},"modified":"2024-12-18T09:36:02","modified_gmt":"2024-12-18T08:36:02","slug":"fermeture-de-lecole-de-musique-le-samedi-21-decembre","status":"publish","type":"post","link":"https:\/\/em-st-thomas.fr\/?p=5981","title":{"rendered":"Fermeture de l&rsquo;\u00e9cole de musique le samedi 21 d\u00e9cembre"},"content":{"rendered":"<p>La Ville a d\u00e9cid\u00e9 de fermer l&rsquo;\u00e9tablissement pour l&rsquo;ensemble des vacances \u00e0 partir du samedi 21 d\u00e9cembre inclus. Il nous sera donc impossible d&rsquo;assurer les cours ce jour-l\u00e0, ces derniers sont annul\u00e9s.<\/p>\n","protected":false},"excerpt":{"rendered":"<p>La Ville a d\u00e9cid\u00e9 de fermer l&rsquo;\u00e9tablissement pour l&rsquo;ensemble des vacances \u00e0 partir du samedi 21 d\u00e9cembre inclus. Il nous sera donc impossible d&rsquo;assurer les cours ce jour-l\u00e0, ces derniers sont annul\u00e9s.<\/p>\n","protected":false},"author":1,"featured_media":0,"comment_status":"open","ping_status":"open","sticky":false,"template":"","format":"standard","meta":{"footnotes":""},"categories":[1],"tags":[],"_links":{"self":[{"href":"https:\/\/em-st-thomas.fr\/index.php?rest_route=\/wp\/v2\/posts\/5981"}],"collection":[{"href":"https:\/\/em-st-thomas.fr\/index.php?rest_route=\/wp\/v2\/posts"}],"about":[{"href":"https:\/\/em-st-thomas.fr\/index.php?rest_route=\/wp\/v2\/types\/post"}],"author":[{"embeddable":true,"href":"https:\/\/em-st-thomas.fr\/index.php?rest_route=\/wp\/v2\/users\/1"}],"replies":[{"embeddable":true,"href":"https:\/\/em-st-thomas.fr\/index.php?rest_route=%2Fwp%2Fv2%2Fcomments&post=5981"}],"version-history":[{"count":1,"href":"https:\/\/em-st-thomas.fr\/index.php?rest_route=\/wp\/v2\/posts\/5981\/revisions"}],"predecessor-version":[{"id":5982,"href":"https:\/\/em-st-thomas.fr\/index.php?rest_route=\/wp\/v2\/posts\/5981\/revisions\/5982"}],"wp:attachment":[{"href":"https:\/\/em-st-thomas.fr\/index.php?rest_route=%2Fwp%2Fv2%2Fmedia&parent=5981"}],"wp:term":[{"taxonomy":"category","embeddable":true,"href":"https:\/\/em-st-thomas.fr\/index.php?rest_route=%2Fwp%2Fv2%2Fcategories&post=5981"},{"taxonomy":"post_tag","embeddable":true,"href":"https:\/\/em-st-thomas.fr\/index.php?rest_route=%2Fwp%2Fv2%2Ftags&post=5981"}],"curies":[{"name":"wp","href":"https:\/\/api.w.org\/{rel}","templated":true}]}}