{"id":5983,"date":"2024-12-20T22:00:44","date_gmt":"2024-12-20T21:00:44","guid":{"rendered":"https:\/\/em-st-thomas.fr\/?p=5983"},"modified":"2024-12-18T09:43:06","modified_gmt":"2024-12-18T08:43:06","slug":"joyeuses-fetes-de-fin-dannee","status":"publish","type":"post","link":"https:\/\/em-st-thomas.fr\/?p=5983","title":{"rendered":"Joyeuses f\u00eates de fin d&rsquo;ann\u00e9e !"},"content":{"rendered":"<p>L&rsquo;\u00e9cole de musique sera inaccessible durant les cong\u00e9s de fin d&rsquo;ann\u00e9e, soit du samedi 21 d\u00e9cembre au dimanche 5 janvier 2025 inclus.<\/p>\n","protected":false},"excerpt":{"rendered":"<p>L&rsquo;\u00e9cole de musique sera inaccessible durant les cong\u00e9s de fin d&rsquo;ann\u00e9e, soit du samedi 21 d\u00e9cembre au dimanche 5 janvier 2025 inclus.<\/p>\n","protected":false},"author":1,"featured_media":0,"comment_status":"open","ping_status":"open","sticky":false,"template":"","format":"standard","meta":{"footnotes":""},"categories":[1],"tags":[],"_links":{"self":[{"href":"https:\/\/em-st-thomas.fr\/index.php?rest_route=\/wp\/v2\/posts\/5983"}],"collection":[{"href":"https:\/\/em-st-thomas.fr\/index.php?rest_route=\/wp\/v2\/posts"}],"about":[{"href":"https:\/\/em-st-thomas.fr\/index.php?rest_route=\/wp\/v2\/types\/post"}],"author":[{"embeddable":true,"href":"https:\/\/em-st-thomas.fr\/index.php?rest_route=\/wp\/v2\/users\/1"}],"replies":[{"embeddable":true,"href":"https:\/\/em-st-thomas.fr\/index.php?rest_route=%2Fwp%2Fv2%2Fcomments&post=5983"}],"version-history":[{"count":1,"href":"https:\/\/em-st-thomas.fr\/index.php?rest_route=\/wp\/v2\/posts\/5983\/revisions"}],"predecessor-version":[{"id":5984,"href":"https:\/\/em-st-thomas.fr\/index.php?rest_route=\/wp\/v2\/posts\/5983\/revisions\/5984"}],"wp:attachment":[{"href":"https:\/\/em-st-thomas.fr\/index.php?rest_route=%2Fwp%2Fv2%2Fmedia&parent=5983"}],"wp:term":[{"taxonomy":"category","embeddable":true,"href":"https:\/\/em-st-thomas.fr\/index.php?rest_route=%2Fwp%2Fv2%2Fcategories&post=5983"},{"taxonomy":"post_tag","embeddable":true,"href":"https:\/\/em-st-thomas.fr\/index.php?rest_route=%2Fwp%2Fv2%2Ftags&post=5983"}],"curies":[{"name":"wp","href":"https:\/\/api.w.org\/{rel}","templated":true}]}}