{"id":6060,"date":"2025-05-09T09:00:13","date_gmt":"2025-05-09T07:00:13","guid":{"rendered":"https:\/\/em-st-thomas.fr\/?p=6060"},"modified":"2025-05-19T09:17:53","modified_gmt":"2025-05-19T07:17:53","slug":"samedi-17-05-25-16h30-cour-du-musee-historique-nuit-des-musees","status":"publish","type":"post","link":"https:\/\/em-st-thomas.fr\/?p=6060","title":{"rendered":"Samedi 17\/05\/25, 16h30 &#8211; cour du Mus\u00e9e Historique : Nuit des Mus\u00e9es"},"content":{"rendered":"<div style=\"text-align: center;\">Bonjour \u00e0 tous,<\/div>\n<div style=\"text-align: center;\"><\/div>\n<div style=\"text-align: center;\">Cette ann\u00e9e encore nous vous convions \u00e0 la Nuit des Mus\u00e9e o\u00f9 nous proposerons un moment mucical<\/div>\n<div style=\"text-align: center;\">avec les \u00e9l\u00e8ves de l&rsquo;atelier de Guitares et Chansons ainsi que ceux de l&rsquo;atelier Pop.<\/div>\n<div style=\"text-align: center;\"><\/div>\n<div style=\"text-align: center;\">Rendez-vous dans la cour du Mus\u00e9e Historique de Strasbourg<\/div>\n<div style=\"text-align: center;\"><\/div>\n<div style=\"text-align: center;\">\u00e0 16h30 ce Samedi 17 Mai 2025<\/div>\n<div style=\"text-align: center;\"><\/div>\n<div style=\"text-align: center;\">Au programme, nous avons privil\u00e9gi\u00e9\u00a0des th\u00e9matiques de chansons en lien avec la d\u00e9mocratie, l&rsquo;\u00e9galit\u00e9 femme\/homme,\u00a0l&rsquo;\u00e9cologie ainsi que l&rsquo;id\u00e9e pacifique d&rsquo;un vivre ensemble contre la folie de la guerre avec par exemple les chansons \u00ab\u00a0Natural blues\u00a0\u00bb, \u00ab\u00a0Chic plan\u00e8te\u00a0\u00bb et \u00ab\u00a0Pendant que les champs br\u00fblent\u00a0\u00bb.<\/div>\n<div style=\"text-align: center;\">De plus, nous vous proposerons quelques morceaux classiques dans de petites\u00a0alc\u00f4ves du rez-de-chauss\u00e9e du mus\u00e9e<\/div>\n<div style=\"text-align: center;\">que vous pourrez bien s\u00fbr visiter et o\u00f9 vous attendrons surprises et animations.<\/div>\n<div style=\"text-align: center;\"><\/div>\n<div style=\"text-align: center;\">Programme pour la cour des ateliers :<\/div>\n<div><\/div>\n<div style=\"text-align: center;\"><span style=\"color: #9daab9; font-style: italic; background-color: transparent;\">\u00a0&#8211; Natural blues \/ Moby<\/span><\/div>\n<div style=\"text-align: center;\"><span style=\"color: #9daab9; font-style: italic; background-color: transparent;\">&#8211; Tainted love \/ Soft Cell<\/span><\/div>\n<div style=\"text-align: center;\"><span style=\"color: #9daab9; font-style: italic; background-color: transparent;\">&#8211; Everybody gotta learn Sometime \/ Beck<\/span><\/div>\n<div style=\"text-align: center;\"><span style=\"color: #9daab9; font-style: italic; background-color: transparent;\">&#8211; Chic plan\u00e8te \/ L&rsquo;affaire Louis Trio<\/span><\/div>\n<div style=\"text-align: center;\"><span style=\"color: #9daab9; font-style: italic; background-color: transparent;\">-Take me home country road \/ John Denver<\/span><\/div>\n<div style=\"text-align: center;\"><span style=\"color: #9daab9; font-style: italic; background-color: transparent;\">&#8211; Pendant que les champs br\u00fblent\/ Niagara <\/span><\/div>\n<div style=\"text-align: center;\"><span style=\"color: #9daab9; font-style: italic; background-color: transparent;\">&#8211; Juste quelqu&rsquo;un de bien \/ Enzo Enzo<\/span><\/div>\n<div style=\"text-align: center;\"><span style=\"color: #9daab9; font-style: italic; background-color: transparent;\">&#8211; 5th Avenue \/ Tatiana Stachak<\/span><\/div>\n<div style=\"text-align: center;\"><span style=\"color: #9daab9; font-style: italic; background-color: transparent;\">&#8211; L&rsquo;action subtile et r\u00e9p\u00e9t\u00e9e \/ Jomikmak<\/span><\/div>\n<div style=\"text-align: center;\"><span style=\"color: #9daab9; font-style: italic; background-color: transparent;\">-Surran\u00e9e \/ album de J. Birkin duo avec F. Hardy de B. Biolay et K. A. Zeidel<\/span><\/div>\n<div style=\"text-align: center;\"><\/div>\n<div>\n<div style=\"text-align: center;\">Belle fin de journ\u00e9e et \u00e0 bient\u00f4t,<\/div>\n<div style=\"text-align: center;\"><\/div>\n<div style=\"text-align: center;\">Malik et ses \u00c9l\u00e8ves des Ateliers<\/div>\n<\/div>\n","protected":false},"excerpt":{"rendered":"<p>Bonjour \u00e0 tous, Cette ann\u00e9e encore nous vous convions \u00e0 la Nuit des Mus\u00e9e o\u00f9 nous proposerons un moment mucical avec les \u00e9l\u00e8ves de l&rsquo;atelier de Guitares et Chansons ainsi que ceux de l&rsquo;atelier Pop. Rendez-vous dans la cour du Mus\u00e9e Historique de Strasbourg \u00e0 16h30 ce Samedi 17 Mai 2025 Au programme, nous avons&hellip; <br \/> <a class=\"read-more\" href=\"https:\/\/em-st-thomas.fr\/?p=6060\">Lire la suite<\/a><\/p>\n","protected":false},"author":1,"featured_media":0,"comment_status":"open","ping_status":"open","sticky":false,"template":"","format":"standard","meta":{"footnotes":""},"categories":[1],"tags":[],"_links":{"self":[{"href":"https:\/\/em-st-thomas.fr\/index.php?rest_route=\/wp\/v2\/posts\/6060"}],"collection":[{"href":"https:\/\/em-st-thomas.fr\/index.php?rest_route=\/wp\/v2\/posts"}],"about":[{"href":"https:\/\/em-st-thomas.fr\/index.php?rest_route=\/wp\/v2\/types\/post"}],"author":[{"embeddable":true,"href":"https:\/\/em-st-thomas.fr\/index.php?rest_route=\/wp\/v2\/users\/1"}],"replies":[{"embeddable":true,"href":"https:\/\/em-st-thomas.fr\/index.php?rest_route=%2Fwp%2Fv2%2Fcomments&post=6060"}],"version-history":[{"count":2,"href":"https:\/\/em-st-thomas.fr\/index.php?rest_route=\/wp\/v2\/posts\/6060\/revisions"}],"predecessor-version":[{"id":6062,"href":"https:\/\/em-st-thomas.fr\/index.php?rest_route=\/wp\/v2\/posts\/6060\/revisions\/6062"}],"wp:attachment":[{"href":"https:\/\/em-st-thomas.fr\/index.php?rest_route=%2Fwp%2Fv2%2Fmedia&parent=6060"}],"wp:term":[{"taxonomy":"category","embeddable":true,"href":"https:\/\/em-st-thomas.fr\/index.php?rest_route=%2Fwp%2Fv2%2Fcategories&post=6060"},{"taxonomy":"post_tag","embeddable":true,"href":"https:\/\/em-st-thomas.fr\/index.php?rest_route=%2Fwp%2Fv2%2Ftags&post=6060"}],"curies":[{"name":"wp","href":"https:\/\/api.w.org\/{rel}","templated":true}]}}