{"id":6197,"date":"2025-06-30T09:00:29","date_gmt":"2025-06-30T07:00:29","guid":{"rendered":"https:\/\/em-st-thomas.fr\/?p=6197"},"modified":"2025-06-30T17:31:07","modified_gmt":"2025-06-30T15:31:07","slug":"samedi-28-06-2025-fin-des-cours","status":"publish","type":"post","link":"https:\/\/em-st-thomas.fr\/?p=6197","title":{"rendered":"Samedi 28\/06\/2025 : Fin des cours"},"content":{"rendered":"<p>L&rsquo;ann\u00e9e 24-25 est termin\u00e9e. Les cours reprendront le 15 septembre prochain. Durant cette p\u00e9riode, l&rsquo;\u00e9tablissement est inaccessible.<\/p>\n","protected":false},"excerpt":{"rendered":"<p>L&rsquo;ann\u00e9e 24-25 est termin\u00e9e. Les cours reprendront le 15 septembre prochain. Durant cette p\u00e9riode, l&rsquo;\u00e9tablissement est inaccessible.<\/p>\n","protected":false},"author":1,"featured_media":0,"comment_status":"open","ping_status":"open","sticky":false,"template":"","format":"standard","meta":{"footnotes":""},"categories":[1],"tags":[],"_links":{"self":[{"href":"https:\/\/em-st-thomas.fr\/index.php?rest_route=\/wp\/v2\/posts\/6197"}],"collection":[{"href":"https:\/\/em-st-thomas.fr\/index.php?rest_route=\/wp\/v2\/posts"}],"about":[{"href":"https:\/\/em-st-thomas.fr\/index.php?rest_route=\/wp\/v2\/types\/post"}],"author":[{"embeddable":true,"href":"https:\/\/em-st-thomas.fr\/index.php?rest_route=\/wp\/v2\/users\/1"}],"replies":[{"embeddable":true,"href":"https:\/\/em-st-thomas.fr\/index.php?rest_route=%2Fwp%2Fv2%2Fcomments&post=6197"}],"version-history":[{"count":2,"href":"https:\/\/em-st-thomas.fr\/index.php?rest_route=\/wp\/v2\/posts\/6197\/revisions"}],"predecessor-version":[{"id":6199,"href":"https:\/\/em-st-thomas.fr\/index.php?rest_route=\/wp\/v2\/posts\/6197\/revisions\/6199"}],"wp:attachment":[{"href":"https:\/\/em-st-thomas.fr\/index.php?rest_route=%2Fwp%2Fv2%2Fmedia&parent=6197"}],"wp:term":[{"taxonomy":"category","embeddable":true,"href":"https:\/\/em-st-thomas.fr\/index.php?rest_route=%2Fwp%2Fv2%2Fcategories&post=6197"},{"taxonomy":"post_tag","embeddable":true,"href":"https:\/\/em-st-thomas.fr\/index.php?rest_route=%2Fwp%2Fv2%2Ftags&post=6197"}],"curies":[{"name":"wp","href":"https:\/\/api.w.org\/{rel}","templated":true}]}}