{"id":6231,"date":"2025-11-26T09:00:51","date_gmt":"2025-11-26T08:00:51","guid":{"rendered":"https:\/\/em-st-thomas.fr\/?p=6231"},"modified":"2025-12-03T10:57:33","modified_gmt":"2025-12-03T09:57:33","slug":"mercredi-03-12-25-16h-marche-de-noel-off-guitares-et-chansons","status":"publish","type":"post","link":"https:\/\/em-st-thomas.fr\/?p=6231","title":{"rendered":"Mercredi 03\/12\/25, 16h &#8211; March\u00e9 de No\u00ebl Off : Guitares et chansons"},"content":{"rendered":"<p>Ensemble de guitares dirig\u00e9 par Malik Lahsen.<\/p>\n\n\n<figure class=\"wp-block-gallery has-nested-images columns-default is-cropped wp-block-gallery-1 is-layout-flex wp-block-gallery-is-layout-flex\">\n<figure class=\"wp-block-image size-large\"><img decoding=\"async\" data-id=\"6245\" src=\"https:\/\/em-st-thomas.fr\/wp-content\/uploads\/2025\/12\/Programme-Marche-OFF-2025-1-glissees.tiff\" alt=\"\" class=\"wp-image-6245\"\/><\/figure>\n\n\n\n<figure class=\"wp-block-image size-large\"><img decoding=\"async\" data-id=\"6247\" src=\"https:\/\/em-st-thomas.fr\/wp-content\/uploads\/2025\/11\/Programme-Marche-OFF-2025-2-glissees.tiff\" alt=\"\" class=\"wp-image-6247\"\/><\/figure>\n<\/figure>\n","protected":false},"excerpt":{"rendered":"<p>Ensemble de guitares dirig\u00e9 par Malik Lahsen.<\/p>\n","protected":false},"author":1,"featured_media":0,"comment_status":"open","ping_status":"open","sticky":false,"template":"","format":"standard","meta":{"footnotes":""},"categories":[1],"tags":[],"_links":{"self":[{"href":"https:\/\/em-st-thomas.fr\/index.php?rest_route=\/wp\/v2\/posts\/6231"}],"collection":[{"href":"https:\/\/em-st-thomas.fr\/index.php?rest_route=\/wp\/v2\/posts"}],"about":[{"href":"https:\/\/em-st-thomas.fr\/index.php?rest_route=\/wp\/v2\/types\/post"}],"author":[{"embeddable":true,"href":"https:\/\/em-st-thomas.fr\/index.php?rest_route=\/wp\/v2\/users\/1"}],"replies":[{"embeddable":true,"href":"https:\/\/em-st-thomas.fr\/index.php?rest_route=%2Fwp%2Fv2%2Fcomments&post=6231"}],"version-history":[{"count":4,"href":"https:\/\/em-st-thomas.fr\/index.php?rest_route=\/wp\/v2\/posts\/6231\/revisions"}],"predecessor-version":[{"id":6248,"href":"https:\/\/em-st-thomas.fr\/index.php?rest_route=\/wp\/v2\/posts\/6231\/revisions\/6248"}],"wp:attachment":[{"href":"https:\/\/em-st-thomas.fr\/index.php?rest_route=%2Fwp%2Fv2%2Fmedia&parent=6231"}],"wp:term":[{"taxonomy":"category","embeddable":true,"href":"https:\/\/em-st-thomas.fr\/index.php?rest_route=%2Fwp%2Fv2%2Fcategories&post=6231"},{"taxonomy":"post_tag","embeddable":true,"href":"https:\/\/em-st-thomas.fr\/index.php?rest_route=%2Fwp%2Fv2%2Ftags&post=6231"}],"curies":[{"name":"wp","href":"https:\/\/api.w.org\/{rel}","templated":true}]}}