{"id":740,"date":"2018-05-18T09:00:06","date_gmt":"2018-05-18T07:00:06","guid":{"rendered":"http:\/\/testecolestthomas2.ddns.net\/wordpress\/?p=740"},"modified":"2019-10-18T10:49:40","modified_gmt":"2019-10-18T08:49:40","slug":"vendredi-1-06-18-18h-concert-de-lorchestre-de-lecole-elementaire-st-thomas","status":"publish","type":"post","link":"https:\/\/em-st-thomas.fr\/?p=740","title":{"rendered":"Vendredi 01\/06\/18 &#8211; 18h : Concert de l&rsquo;orchestre de l&rsquo;\u00e9cole \u00e9l\u00e9mentaire St-Thomas"},"content":{"rendered":"<p>En partenariat avec l&rsquo;Ecole de Musique St-Thomas dans le carde de la cr\u00e9ation de l&rsquo;orchestre d&rsquo;\u00e9cole.<\/p>\n<p><img loading=\"lazy\" decoding=\"async\" class=\"alignnone size-full wp-image-759\" src=\"http:\/\/em-st-thomas.fr\/wp-content\/uploads\/2018\/06\/Concert-orchestre-affiche.jpg\" alt=\"\" width=\"424\" height=\"600\" \/><\/p>\n","protected":false},"excerpt":{"rendered":"<p>En partenariat avec l&rsquo;Ecole de Musique St-Thomas dans le carde de la cr\u00e9ation de l&rsquo;orchestre d&rsquo;\u00e9cole.<\/p>\n","protected":false},"author":1,"featured_media":0,"comment_status":"open","ping_status":"open","sticky":false,"template":"","format":"standard","meta":{"footnotes":""},"categories":[1],"tags":[],"_links":{"self":[{"href":"https:\/\/em-st-thomas.fr\/index.php?rest_route=\/wp\/v2\/posts\/740"}],"collection":[{"href":"https:\/\/em-st-thomas.fr\/index.php?rest_route=\/wp\/v2\/posts"}],"about":[{"href":"https:\/\/em-st-thomas.fr\/index.php?rest_route=\/wp\/v2\/types\/post"}],"author":[{"embeddable":true,"href":"https:\/\/em-st-thomas.fr\/index.php?rest_route=\/wp\/v2\/users\/1"}],"replies":[{"embeddable":true,"href":"https:\/\/em-st-thomas.fr\/index.php?rest_route=%2Fwp%2Fv2%2Fcomments&post=740"}],"version-history":[{"count":5,"href":"https:\/\/em-st-thomas.fr\/index.php?rest_route=\/wp\/v2\/posts\/740\/revisions"}],"predecessor-version":[{"id":2778,"href":"https:\/\/em-st-thomas.fr\/index.php?rest_route=\/wp\/v2\/posts\/740\/revisions\/2778"}],"wp:attachment":[{"href":"https:\/\/em-st-thomas.fr\/index.php?rest_route=%2Fwp%2Fv2%2Fmedia&parent=740"}],"wp:term":[{"taxonomy":"category","embeddable":true,"href":"https:\/\/em-st-thomas.fr\/index.php?rest_route=%2Fwp%2Fv2%2Fcategories&post=740"},{"taxonomy":"post_tag","embeddable":true,"href":"https:\/\/em-st-thomas.fr\/index.php?rest_route=%2Fwp%2Fv2%2Ftags&post=740"}],"curies":[{"name":"wp","href":"https:\/\/api.w.org\/{rel}","templated":true}]}}