{"id":773,"date":"2018-06-04T09:00:53","date_gmt":"2018-06-04T07:00:53","guid":{"rendered":"http:\/\/testecolestthomas2.ddns.net\/wordpress\/?p=773"},"modified":"2019-12-13T10:45:08","modified_gmt":"2019-12-13T09:45:08","slug":"lundi-18-06-18-concert-de-la-classe-deveil-musical","status":"publish","type":"post","link":"https:\/\/em-st-thomas.fr\/?p=773","title":{"rendered":"Lundi 18\/06\/18 &#8211; 17h, salle 307 : Audition des classes d&rsquo;\u00e9veil musical"},"content":{"rendered":"<p>Concert des classes grande section d&rsquo;\u00e9veil musical et pr\u00e9-solf\u00e8ge de Martha Verdenne.<\/p>\n","protected":false},"excerpt":{"rendered":"<p>Concert des classes grande section d&rsquo;\u00e9veil musical et pr\u00e9-solf\u00e8ge de Martha Verdenne.<\/p>\n","protected":false},"author":1,"featured_media":0,"comment_status":"open","ping_status":"open","sticky":false,"template":"","format":"standard","meta":{"footnotes":""},"categories":[1],"tags":[],"_links":{"self":[{"href":"https:\/\/em-st-thomas.fr\/index.php?rest_route=\/wp\/v2\/posts\/773"}],"collection":[{"href":"https:\/\/em-st-thomas.fr\/index.php?rest_route=\/wp\/v2\/posts"}],"about":[{"href":"https:\/\/em-st-thomas.fr\/index.php?rest_route=\/wp\/v2\/types\/post"}],"author":[{"embeddable":true,"href":"https:\/\/em-st-thomas.fr\/index.php?rest_route=\/wp\/v2\/users\/1"}],"replies":[{"embeddable":true,"href":"https:\/\/em-st-thomas.fr\/index.php?rest_route=%2Fwp%2Fv2%2Fcomments&post=773"}],"version-history":[{"count":9,"href":"https:\/\/em-st-thomas.fr\/index.php?rest_route=\/wp\/v2\/posts\/773\/revisions"}],"predecessor-version":[{"id":2834,"href":"https:\/\/em-st-thomas.fr\/index.php?rest_route=\/wp\/v2\/posts\/773\/revisions\/2834"}],"wp:attachment":[{"href":"https:\/\/em-st-thomas.fr\/index.php?rest_route=%2Fwp%2Fv2%2Fmedia&parent=773"}],"wp:term":[{"taxonomy":"category","embeddable":true,"href":"https:\/\/em-st-thomas.fr\/index.php?rest_route=%2Fwp%2Fv2%2Fcategories&post=773"},{"taxonomy":"post_tag","embeddable":true,"href":"https:\/\/em-st-thomas.fr\/index.php?rest_route=%2Fwp%2Fv2%2Ftags&post=773"}],"curies":[{"name":"wp","href":"https:\/\/api.w.org\/{rel}","templated":true}]}}