{"id":776,"date":"2018-06-04T09:01:44","date_gmt":"2018-06-04T07:01:44","guid":{"rendered":"http:\/\/testecolestthomas2.ddns.net\/wordpress\/?p=776"},"modified":"2018-11-04T19:22:12","modified_gmt":"2018-11-04T18:22:12","slug":"lundi-18-06-18-18h30-spectacle-de-la-belle-au-bois-dormant","status":"publish","type":"post","link":"https:\/\/em-st-thomas.fr\/?p=776","title":{"rendered":"Lundi 18\/06\/18 &#8211; 18h30 : Spectacle de \u00ab\u00a0La Belle au Bois Dormant\u00a0\u00bb"},"content":{"rendered":"<p>En partenariat avec la classe de CP bilingue allemand de l&rsquo;\u00e9cole \u00e9l\u00e9mentaire St-Thomas.<\/p>\n","protected":false},"excerpt":{"rendered":"<p>En partenariat avec la classe de CP bilingue allemand de l&rsquo;\u00e9cole \u00e9l\u00e9mentaire St-Thomas.<\/p>\n","protected":false},"author":1,"featured_media":0,"comment_status":"open","ping_status":"open","sticky":false,"template":"","format":"standard","meta":{"footnotes":""},"categories":[1],"tags":[],"_links":{"self":[{"href":"https:\/\/em-st-thomas.fr\/index.php?rest_route=\/wp\/v2\/posts\/776"}],"collection":[{"href":"https:\/\/em-st-thomas.fr\/index.php?rest_route=\/wp\/v2\/posts"}],"about":[{"href":"https:\/\/em-st-thomas.fr\/index.php?rest_route=\/wp\/v2\/types\/post"}],"author":[{"embeddable":true,"href":"https:\/\/em-st-thomas.fr\/index.php?rest_route=\/wp\/v2\/users\/1"}],"replies":[{"embeddable":true,"href":"https:\/\/em-st-thomas.fr\/index.php?rest_route=%2Fwp%2Fv2%2Fcomments&post=776"}],"version-history":[{"count":3,"href":"https:\/\/em-st-thomas.fr\/index.php?rest_route=\/wp\/v2\/posts\/776\/revisions"}],"predecessor-version":[{"id":1849,"href":"https:\/\/em-st-thomas.fr\/index.php?rest_route=\/wp\/v2\/posts\/776\/revisions\/1849"}],"wp:attachment":[{"href":"https:\/\/em-st-thomas.fr\/index.php?rest_route=%2Fwp%2Fv2%2Fmedia&parent=776"}],"wp:term":[{"taxonomy":"category","embeddable":true,"href":"https:\/\/em-st-thomas.fr\/index.php?rest_route=%2Fwp%2Fv2%2Fcategories&post=776"},{"taxonomy":"post_tag","embeddable":true,"href":"https:\/\/em-st-thomas.fr\/index.php?rest_route=%2Fwp%2Fv2%2Ftags&post=776"}],"curies":[{"name":"wp","href":"https:\/\/api.w.org\/{rel}","templated":true}]}}