{"id":787,"date":"2018-06-07T09:00:41","date_gmt":"2018-06-07T07:00:41","guid":{"rendered":"http:\/\/testecolestthomas2.ddns.net\/wordpress\/?p=787"},"modified":"2018-10-29T20:06:16","modified_gmt":"2018-10-29T19:06:16","slug":"jeudi-21-06-18-18h-fete-de-la-musique-place-st-thomas","status":"publish","type":"post","link":"https:\/\/em-st-thomas.fr\/?p=787","title":{"rendered":"Jeudi 21\/06\/18 &#8211; 18h : F\u00eate de la Musique Place St-Thomas"},"content":{"rendered":"<p>Se produiront sur la sc\u00e8ne de la place St-Thomas \u00e0 partir de 18h :<\/p>\n<p>&#8211; l&rsquo;Ensemble de clarinettes dirig\u00e9 par Laurent Will,<\/p>\n<p>&#8211;\u00a0des \u00e9l\u00e8ves guitaristes de la classe de Malik Lahsen,<\/p>\n<p>&#8211; et l&rsquo;atelier de Musique actuelle anim\u00e9 par Rapha\u00ebl Lamothe.<\/p>\n","protected":false},"excerpt":{"rendered":"<p>Se produiront sur la sc\u00e8ne de la place St-Thomas \u00e0 partir de 18h : &#8211; l&rsquo;Ensemble de clarinettes dirig\u00e9 par Laurent Will, &#8211;\u00a0des \u00e9l\u00e8ves guitaristes de la classe de Malik Lahsen, &#8211; et l&rsquo;atelier de Musique actuelle anim\u00e9 par Rapha\u00ebl Lamothe.<\/p>\n","protected":false},"author":1,"featured_media":0,"comment_status":"open","ping_status":"open","sticky":false,"template":"","format":"standard","meta":{"footnotes":""},"categories":[1],"tags":[],"_links":{"self":[{"href":"https:\/\/em-st-thomas.fr\/index.php?rest_route=\/wp\/v2\/posts\/787"}],"collection":[{"href":"https:\/\/em-st-thomas.fr\/index.php?rest_route=\/wp\/v2\/posts"}],"about":[{"href":"https:\/\/em-st-thomas.fr\/index.php?rest_route=\/wp\/v2\/types\/post"}],"author":[{"embeddable":true,"href":"https:\/\/em-st-thomas.fr\/index.php?rest_route=\/wp\/v2\/users\/1"}],"replies":[{"embeddable":true,"href":"https:\/\/em-st-thomas.fr\/index.php?rest_route=%2Fwp%2Fv2%2Fcomments&post=787"}],"version-history":[{"count":3,"href":"https:\/\/em-st-thomas.fr\/index.php?rest_route=\/wp\/v2\/posts\/787\/revisions"}],"predecessor-version":[{"id":1764,"href":"https:\/\/em-st-thomas.fr\/index.php?rest_route=\/wp\/v2\/posts\/787\/revisions\/1764"}],"wp:attachment":[{"href":"https:\/\/em-st-thomas.fr\/index.php?rest_route=%2Fwp%2Fv2%2Fmedia&parent=787"}],"wp:term":[{"taxonomy":"category","embeddable":true,"href":"https:\/\/em-st-thomas.fr\/index.php?rest_route=%2Fwp%2Fv2%2Fcategories&post=787"},{"taxonomy":"post_tag","embeddable":true,"href":"https:\/\/em-st-thomas.fr\/index.php?rest_route=%2Fwp%2Fv2%2Ftags&post=787"}],"curies":[{"name":"wp","href":"https:\/\/api.w.org\/{rel}","templated":true}]}}